{"id":38810,"date":"2019-06-05T05:11:27","date_gmt":"2019-06-05T09:11:27","guid":{"rendered":"https:\/\/linitiative.ca\/International\/festival-international-du-film-arabe-10-films-selectionnes-pour-la-premiere-edition\/"},"modified":"2019-06-05T05:11:27","modified_gmt":"2019-06-05T09:11:27","slug":"festival-international-du-film-arabe-10-films-selectionnes-pour-la-premiere-edition","status":"publish","type":"post","link":"https:\/\/linitiative.ca\/International\/festival-international-du-film-arabe-10-films-selectionnes-pour-la-premiere-edition\/","title":{"rendered":"Festival international du film arabe : 10 films s\u00e9lectionn\u00e9s pour la premi\u00e8re \u00e9dition"},"content":{"rendered":"<header>\n<\/header>\n<div class=\"entry-content clearfix\" readability=\"65\"><img decoding=\"async\" class=\"post_layout_5_img\" src=\"http:\/\/aujourdhui.ma\/wp-content\/uploads\/2019\/06\/Festival-international-du-film-arabe-Nadira-et-Une-urgence-ordinaire.jpg?x29840\" alt=\"Festival international du film arabe : 10 films s\u00e9lectionn\u00e9s pour la premi\u00e8re \u00e9dition\"\/><\/p>\n<p class=\"p1\"><span class=\"s1\"><span class=\"c4\"><strong>Dix longs m\u00e9trages s\u00e9lectionn\u00e9s prendront part \u00e0 la comp\u00e9tition officielle de la premi\u00e8re \u00e9dition du Festival international du film arabe, pr\u00e9vue du 14 au 21 juin, \u00e0 Mekn\u00e8s.<\/strong><\/span><\/span><span id=\"more-312483\"\/><\/p>\n<p class=\"p1\"><span class=\"s1\">Selon les organisateurs, ces films repr\u00e9sentent huit pays arabes dont notamment le Maroc avec deux films. Il s\u2019agit en effet de \u00abNadira\u00bb du r\u00e9alisateur Kamal Kamal (Maroc),<span class=\"Apple-converted-space\">\u00a0<\/span> \u00abNaissance\u00bb d\u2019Abdellah Hassan Ahmed (Emirates Arabes Unis), \u00abExt\u00e9rieur-Nuit\u00bb de Sherif Alfy (Egypte), \u00abToren\u00bb de Nawzad Shekhany ( Allemagne-Irak) , \u00abLa sieste du corbeau\u00bb de Moez Kamoun (Tunisie), \u00abUne urgence ordinaire\u00bb de Mohcine Besri (Maroc), \u00abAmina\u00bb de Aymane Zaydane (Syrie), \u00abOne of these days\u00bb de Nadim Tabet (Liban), \u00abLe sang des loups\u00bb de Amar Si Fodil (Alg\u00e9rie) et \u00abSrb Alhamam \u00ab de Ramadan Khasroh (Kowe\u00eft).<\/span><\/p>\n<p class=\"p1\"><span class=\"s1\"><em>\u00abLes crit\u00e8res qui ont guid\u00e9 le choix de ce comit\u00e9 sont la bonne qualit\u00e9 de l\u2019image et du son, la cr\u00e9ativit\u00e9 dans l\u2019\u00e9criture et la r\u00e9alisation, la nouveaut\u00e9 et l\u2019ancrage de chaque film dans la culture du pays qu\u2019il repr\u00e9sente d\u2019une part, et dans le traitement de la th\u00e9matique qui refl\u00e8te la diversit\u00e9 et la richesse qui caract\u00e9risent le monde arabe, d\u2019autre part\u00bb.<\/em><\/span><\/p>\n<p class=\"p1\"><span class=\"s1\">Les dix films choisis concourront pour remporter les cinq prix du festival : prix de l\u2019interpr\u00e9tation f\u00e9minine, prix de l\u2019interpr\u00e9tation masculine, prix du sc\u00e9nario, prix de la meilleure r\u00e9alisation et prix du meilleur film (Olivier d\u2019Or de Mekn\u00e8s) en plus du prix du jeune public.<\/span><\/p>\n<\/div>\n<p>Auteur: ALM<br \/>\n<a href=\"http:\/\/aujourdhui.ma\/culture\/cinema\/festival-international-du-film-arabe-10-films-selectionnes-pour-la-premiere-edition\">Cliquez ici pour lire l&rsquo;article depuis sa source.<\/a><\/p>\n","protected":false},"excerpt":{"rendered":"<p>Dix longs m\u00e9trages s\u00e9lectionn\u00e9s prendront part \u00e0 la comp\u00e9tition officielle de la premi\u00e8re \u00e9dition du Festival international du film arabe, pr\u00e9vue du 14 au 21 juin, \u00e0 Mekn\u00e8s. Selon les organisateurs, ces films repr\u00e9sentent huit pays arabes dont notamment le Maroc avec deux films. Il s\u2019agit en effet de \u00abNadira\u00bb du r\u00e9alisateur Kamal Kamal (Maroc),\u00a0 [&hellip;]<\/p>\n","protected":false},"author":1759,"featured_media":0,"comment_status":"closed","ping_status":"closed","sticky":false,"template":"","format":"standard","meta":{"fifu_image_url":"","fifu_image_alt":"","footnotes":""},"categories":[73,54],"tags":[],"class_list":["post-38810","post","type-post","status-publish","format-standard","hentry","category-actualite","category-maroc"],"_links":{"self":[{"href":"https:\/\/linitiative.ca\/International\/wp-json\/wp\/v2\/posts\/38810","targetHints":{"allow":["GET"]}}],"collection":[{"href":"https:\/\/linitiative.ca\/International\/wp-json\/wp\/v2\/posts"}],"about":[{"href":"https:\/\/linitiative.ca\/International\/wp-json\/wp\/v2\/types\/post"}],"author":[{"embeddable":true,"href":"https:\/\/linitiative.ca\/International\/wp-json\/wp\/v2\/users\/1759"}],"replies":[{"embeddable":true,"href":"https:\/\/linitiative.ca\/International\/wp-json\/wp\/v2\/comments?post=38810"}],"version-history":[{"count":0,"href":"https:\/\/linitiative.ca\/International\/wp-json\/wp\/v2\/posts\/38810\/revisions"}],"wp:attachment":[{"href":"https:\/\/linitiative.ca\/International\/wp-json\/wp\/v2\/media?parent=38810"}],"wp:term":[{"taxonomy":"category","embeddable":true,"href":"https:\/\/linitiative.ca\/International\/wp-json\/wp\/v2\/categories?post=38810"},{"taxonomy":"post_tag","embeddable":true,"href":"https:\/\/linitiative.ca\/International\/wp-json\/wp\/v2\/tags?post=38810"}],"curies":[{"name":"wp","href":"https:\/\/api.w.org\/{rel}","templated":true}]}}