{"id":38813,"date":"2019-06-05T07:14:51","date_gmt":"2019-06-05T11:14:51","guid":{"rendered":"https:\/\/linitiative.ca\/International\/90271-finale-coupe-d-algerie-la-jsm-bejaia-decidee-a-remporter-un-deuxieme-trophee\/"},"modified":"2019-06-05T07:14:51","modified_gmt":"2019-06-05T11:14:51","slug":"90271-finale-coupe-d-algerie-la-jsm-bejaia-decidee-a-remporter-un-deuxieme-trophee","status":"publish","type":"post","link":"https:\/\/linitiative.ca\/International\/90271-finale-coupe-d-algerie-la-jsm-bejaia-decidee-a-remporter-un-deuxieme-trophee\/","title":{"rendered":"<div>Finale Coupe d&rsquo;Alg\u00e9rie: la JSM B\u00e9ja\u00efa d\u00e9cid\u00e9e \u00e0 remporter un deuxi\u00e8me troph\u00e9e<\/div>"},"content":{"rendered":"<div>\n<div class=\"K2FeedIntroText\">\n<p><strong>ALGER &#8211; La JSM B\u00e9ja\u00efa esp\u00e8re ajouter une deuxi\u00e8me Coupe d&rsquo;Alg\u00e9rie de football \u00e0 son palmar\u00e8s, apr\u00e8s celle remport\u00e9e en 2008, en dominant le CR Belouizdad lors de la finale de la 55e \u00e9dition, samedi (17h00) au stade Mustapha-Tchaker de Blida.<\/strong><\/p>\n<\/div>\n<div class=\"K2FeedFullText\">\n<p>En effet, le fait d&rsquo;\u00eatre appel\u00e9e \u00e0 d\u00e9fier un club de l&rsquo;\u00e9lite alors qu&rsquo;elle \u00e9volue en Ligue 2 n&rsquo;a g\u00e2ch\u00e9 en rien la volont\u00e9 de la JSMB de r\u00e9ussir cet exploit et d&rsquo;offrir le prestigieux troph\u00e9e de Dame-Coupe \u00e0 ses supporters, ce qui constituerait une bonne consolation pour ses derniers, apr\u00e8s l&rsquo;\u00e9chec de la remont\u00e9e en Ligue 1 qui a finalement souri \u00e0 l&rsquo;US Biskra, au NC Magra et \u00e0 l&rsquo;ASO Chlef.<\/p>\n<p>Certes, le club de \u00ab\u00a0Yemma Gouraya\u00a0\u00bb est sans comp\u00e9tition depuis plus d&rsquo;un mois car n&rsquo;ayant plus disput\u00e9 le moindre match officiel depuis la fin du championnat de Ligue 2, achev\u00e9 le 4 mai dernier, mais cette situation n&rsquo;a alt\u00e9r\u00e9 en rien sa d\u00e9termination \u00e0 r\u00e9ussir un grand match lors de cette finale et de l&#8217;emporter.<\/p>\n<hr>\n<h3>Lire aussi:\u00a0<a href=\"http:\/\/www.aps.dz\/sport\/90276-finale-coupe-d-algerie-jsm-bejaia-la-programmation-tardive-reduit-nos-chances-de-consecration-president\" target=\"_blank\" rel=\"noopener noreferrer\">Finale Coupe d&rsquo;Alg\u00e9rie\/JSM B\u00e9ja\u00efa: \u00ab\u00a0la programmation tardive r\u00e9duit nos chances de cons\u00e9cration\u00a0\u00bb (pr\u00e9sident)<\/a><\/h3>\n<hr>\n<p>D&rsquo;ailleurs, sans complexe aucun, les prot\u00e9g\u00e9s du coach suisso-tunisien Moez Bouakaz se sont donn\u00e9 autant de chances que leur adversaire belouizdadi, en assurant que \u00ab\u00a0ce sera du 50 &#8211; 50\u00a0\u00bb et que la diff\u00e9rence devrait se faire sur des d\u00e9tails.<\/p>\n<p>Une confiance en soi qui s&rsquo;explique par le fait que la JSMB a d\u00e9j\u00e0 r\u00e9ussi \u00e0 sortir trois clubs de l&rsquo;\u00e9lite pour atteindre le stade final de cette comp\u00e9tition, \u00e0 savoir l&rsquo;AS A\u00efn-M&rsquo;lila en 16es de finale, puis le Paradou AC en quarts et enfin l&rsquo;Entente de S\u00e9tif dans le dernier carr\u00e9.<\/p>\n<p>Ainsi, et sur sa lanc\u00e9e, la JSMB esp\u00e8re aller au bout, surtout que mis \u00e0 part le forfait du d\u00e9fenseur Ma\u00e2mar Youcef, bless\u00e9, elle b\u00e9n\u00e9ficiera de la disponibilit\u00e9 de tout le restant de l&rsquo;effectif.<\/p>\n<p>\u00a0<\/p>\n<p style=\"text-align: center;\"><strong>Le manque de fra\u00eecheur physique, hantise de Bouakaz<\/strong><\/p>\n<p>\u00a0<\/p>\n<p>A l&rsquo;entame de la saison, le principal objectif pour la JSMB \u00e9tait de terminer parmi les trois premiers en championnat pour assurer son retour en Ligue 1 qu&rsquo;elle avait quitt\u00e9e en 2014.<\/p>\n<p>Mais malgr\u00e9 de bons d\u00e9buts, le club a termin\u00e9 son parcours \u00e0 une modeste 9e place (38 pts) causant par la m\u00eame occasion une profonde d\u00e9ception chez les supporters. Cette finale de Coupe d&rsquo;Alg\u00e9rie semble donc tomber \u00e0 point nomm\u00e9 pour rectifier le tir et procurer enfin de la joie \u00e0 ses fans.<\/p>\n<p>Ces derniers ont d&rsquo;ailleurs commenc\u00e9 \u00e0 pr\u00e9parer ce rendez-vous depuis plusieurs jours d\u00e9j\u00e0, notamment en confectionnant de nouveaux drapeaux et tifos par lesquels ils esp\u00e8rent \u00e9gayer les gradins du stade Tchaker.<\/p>\n<p>Il est utile cependant de signaler qu&rsquo;avant cette accalmie, la JSMB \u00e9tait pass\u00e9e par des moments tr\u00e8s difficiles \u00e0 cause de la crise financi\u00e8re qui avait conduit le pr\u00e9sident Belkacem Houassi \u00e0 d\u00e9missionner avant de revenir sur sa d\u00e9cision. Mais les choses ont fini par rentrer dans l&rsquo;ordre apr\u00e8s le renflouement des caisses du club et la r\u00e9gularisation, dans la foul\u00e9e, de la situation financi\u00e8re des joueurs.<\/p>\n<p>Au milieu de toutes ces conditions favorables, le manque de fra\u00eecheur physique semble \u00eatre la seule source d&rsquo;inqui\u00e9tude pour le coach Bouakaz, dont l&rsquo;\u00e9quipe n&rsquo;a plus disput\u00e9 le moindre match officiel depuis le 4 mai dernier.<\/p>\n<p>La JSMB a certes b\u00e9n\u00e9fici\u00e9 de deux stages \u00e0 Ben-Aknoun (Alger) au cours desquels elle a disput\u00e9 un match amical contre la s\u00e9lection nationale militaire (d\u00e9faite 1-0), mais l&rsquo;entra\u00eeneur b\u00e9jaoui a consid\u00e9r\u00e9 que cette pr\u00e9paration reste \u00ab\u00a0moindre\u00a0\u00bb par rapport \u00e0 celle du CR Belouizdad, rest\u00e9 actif jusqu&rsquo;\u00e0 il y a une dizaine de jours.<\/p>\n<p>Un \u00e9ventuel sacre permettrait \u00e0 Bouakaz de devenir le deuxi\u00e8me entra\u00eeneur \u00e9tranger \u00e0 remporter la Coupe d&rsquo;Alg\u00e9rie lors des deux derni\u00e8res ann\u00e9es, apr\u00e8s le Marocain Badou Zaki, vainqueur en 2017 avec le CRB.<\/p>\n<\/div>\n<p><img loading=\"lazy\" decoding=\"async\" src=\"http:\/\/feeds.feedburner.com\/~r\/aps-sport\/~4\/CpczKSfY1pc\" height=\"1\" width=\"1\" alt=\"\"><\/div>\n<p>Auteur:<br \/>\n<a href=\"http:\/\/www.aps.dz\/sport\/90271-finale-coupe-d-algerie-la-jsm-bejaia-decidee-a-remporter-un-deuxieme-trophee?utm_source=feedburner&#038;utm_medium=feed&#038;utm_campaign=Feed%3A+aps-sport+%28APS+-+SPORT%29\">Cliquez ici pour lire l&rsquo;article depuis sa source.<\/a><\/p>\n","protected":false},"excerpt":{"rendered":"<p>ALGER &#8211; La JSM B\u00e9ja\u00efa esp\u00e8re ajouter une deuxi\u00e8me Coupe d&rsquo;Alg\u00e9rie de football \u00e0 son palmar\u00e8s, apr\u00e8s celle remport\u00e9e en 2008, en dominant le CR Belouizdad lors de la finale de la 55e \u00e9dition, samedi (17h00) au stade Mustapha-Tchaker de Blida. En effet, le fait d&rsquo;\u00eatre appel\u00e9e \u00e0 d\u00e9fier un club de l&rsquo;\u00e9lite alors qu&rsquo;elle [&hellip;]<\/p>\n","protected":false},"author":1790,"featured_media":0,"comment_status":"closed","ping_status":"closed","sticky":false,"template":"","format":"standard","meta":{"fifu_image_url":"","fifu_image_alt":"","footnotes":""},"categories":[53,75],"tags":[],"class_list":["post-38813","post","type-post","status-publish","format-standard","hentry","category-algerie","category-sport"],"_links":{"self":[{"href":"https:\/\/linitiative.ca\/International\/wp-json\/wp\/v2\/posts\/38813","targetHints":{"allow":["GET"]}}],"collection":[{"href":"https:\/\/linitiative.ca\/International\/wp-json\/wp\/v2\/posts"}],"about":[{"href":"https:\/\/linitiative.ca\/International\/wp-json\/wp\/v2\/types\/post"}],"author":[{"embeddable":true,"href":"https:\/\/linitiative.ca\/International\/wp-json\/wp\/v2\/users\/1790"}],"replies":[{"embeddable":true,"href":"https:\/\/linitiative.ca\/International\/wp-json\/wp\/v2\/comments?post=38813"}],"version-history":[{"count":0,"href":"https:\/\/linitiative.ca\/International\/wp-json\/wp\/v2\/posts\/38813\/revisions"}],"wp:attachment":[{"href":"https:\/\/linitiative.ca\/International\/wp-json\/wp\/v2\/media?parent=38813"}],"wp:term":[{"taxonomy":"category","embeddable":true,"href":"https:\/\/linitiative.ca\/International\/wp-json\/wp\/v2\/categories?post=38813"},{"taxonomy":"post_tag","embeddable":true,"href":"https:\/\/linitiative.ca\/International\/wp-json\/wp\/v2\/tags?post=38813"}],"curies":[{"name":"wp","href":"https:\/\/api.w.org\/{rel}","templated":true}]}}