{"id":38818,"date":"2019-06-05T07:16:54","date_gmt":"2019-06-05T11:16:54","guid":{"rendered":"https:\/\/linitiative.ca\/International\/90272-affaire-aso-wat-le-tas-rendra-son-verdict-le-10-juin\/"},"modified":"2019-06-05T07:16:54","modified_gmt":"2019-06-05T11:16:54","slug":"90272-affaire-aso-wat-le-tas-rendra-son-verdict-le-10-juin","status":"publish","type":"post","link":"https:\/\/linitiative.ca\/International\/90272-affaire-aso-wat-le-tas-rendra-son-verdict-le-10-juin\/","title":{"rendered":"Affaire ASO-WAT: le TAS rendra son verdict le 10 juin"},"content":{"rendered":"<div>\n<div class=\"K2FeedImage\"><img decoding=\"async\" src=\"http:\/\/www.aps.dz\/media\/k2\/items\/cache\/7eb2437c93154aafe815a3ca23826dac_S.jpg\" alt=\"Affaire ASO-WAT: le TAS rendra son verdict le 10 juin\"><\/div>\n<div class=\"K2FeedIntroText\">\n<p>\u00a0<\/p>\n<p><strong>ORAN &#8211; Le Tribunal arbitral sportif alg\u00e9rien (TAS) devrait se prononcer le 10 juin sur le recours introduit par la direction du WA Tlemcen dans l\u2019affaire qui l\u2019oppose \u00e0 l\u2019ASO Chlef, a-t-on appris de la direction du club de Ligue 2 alg\u00e9rienne de football.<\/strong><\/p>\n<\/div>\n<div class=\"K2FeedFullText\">\n<p>Le pr\u00e9sident du WAT, Nacereddine Souleymane, ainsi que l\u2019avocat du WAT, ont d\u00e9fendu la cause de leur club devant le TAS lors de la s\u00e9ance de lundi pass\u00e9, pr\u00e9cise-t-on de m\u00eame source.<\/p>\n<p>Le WA Tlemcen a saisi le TAS apr\u00e8s avoir \u00e9t\u00e9 d\u00e9bout\u00e9 par la commission de recours de la FAF dans l\u2019affaire du match contre l\u2019ASO Chlef (1-1) disput\u00e9 le 4 mai dernier dans le cadre de la 30e et derni\u00e8re journ\u00e9e du championnat.<\/p>\n<p>Lors de cette \u00ab\u00a0finale\u00a0\u00bb d\u2019accession, l\u2019ASO, qui \u00e9voluait \u00e0 domicile, avait besoin d\u2019un point pour valider son billet pour l\u2019\u00e9lite alors que son adversaire du jour devait l\u2019emporter. Mais une pol\u00e9mique a suivi la partie dont l\u2019origine \u00e9tait l\u2019envahissement du terrain par les supporters locaux \u00e0 la 93\u2019, conduisant l\u2019arbitre \u00e0 mettre un terme aux d\u00e9bats.<\/p>\n<p>Cette situation a contraint la direction du WAT \u00e0 d\u00e9poser une r\u00e9clamation \u00e9voquant \u00ab\u00a0l\u2019arr\u00eat d\u00e9finitif de la rencontre apr\u00e8s l\u2019envahissement du terrain par des supporters de l\u2019\u00e9quipe locale\u00a0\u00bb et demander le gain du match, une r\u00e9clamation rejet\u00e9e par la commission de discipline qui a homologu\u00e9 le r\u00e9sultat du match.<\/p>\n<p>\u00ab\u00a0La commission a constat\u00e9 un envahissement de terrain \u00e0 la 93e minute de jeu par les supporters de l\u2019\u00e9quipe locale, l\u2019ASO, pour f\u00eater leur joie, entra\u00eenant un arr\u00eat momentan\u00e9 de la rencontre. L\u2019arbitre directeur a siffl\u00e9 la fin de la rencontre, en cons\u00e9quence le match est homologu\u00e9 en son r\u00e9sultat\u00a0\u00bb, avait indiqu\u00e9 la Ligue de football professionnel dans un communiqu\u00e9 publi\u00e9 apr\u00e8s l\u2019examen par la commission de discipline de cette affaire.<\/p>\n<p>La commission de recours de la F\u00e9d\u00e9ration alg\u00e9rienne de football (FAF) a confirm\u00e9 par la suite la d\u00e9cision de la commission de discipline, au grand dam de la direction du WAT qui place d\u00e9sormais tous ses espoirs sur le TAS.<\/p>\n<\/div>\n<p><img loading=\"lazy\" decoding=\"async\" src=\"http:\/\/feeds.feedburner.com\/~r\/aps-sport\/~4\/HYCrnYDTVeE\" height=\"1\" width=\"1\" alt=\"\"><\/div>\n<p>Auteur:<br \/>\n<a href=\"http:\/\/www.aps.dz\/sport\/90272-affaire-aso-wat-le-tas-rendra-son-verdict-le-10-juin?utm_source=feedburner&#038;utm_medium=feed&#038;utm_campaign=Feed%3A+aps-sport+%28APS+-+SPORT%29\">Cliquez ici pour lire l&rsquo;article depuis sa source.<\/a><\/p>\n","protected":false},"excerpt":{"rendered":"<p>\u00a0 ORAN &#8211; Le Tribunal arbitral sportif alg\u00e9rien (TAS) devrait se prononcer le 10 juin sur le recours introduit par la direction du WA Tlemcen dans l\u2019affaire qui l\u2019oppose \u00e0 l\u2019ASO Chlef, a-t-on appris de la direction du club de Ligue 2 alg\u00e9rienne de football. Le pr\u00e9sident du WAT, Nacereddine Souleymane, ainsi que l\u2019avocat du [&hellip;]<\/p>\n","protected":false},"author":1790,"featured_media":38822,"comment_status":"closed","ping_status":"closed","sticky":false,"template":"","format":"standard","meta":{"fifu_image_url":"","fifu_image_alt":"","footnotes":""},"categories":[53,75],"tags":[],"class_list":["post-38818","post","type-post","status-publish","format-standard","has-post-thumbnail","hentry","category-algerie","category-sport"],"_links":{"self":[{"href":"https:\/\/linitiative.ca\/International\/wp-json\/wp\/v2\/posts\/38818","targetHints":{"allow":["GET"]}}],"collection":[{"href":"https:\/\/linitiative.ca\/International\/wp-json\/wp\/v2\/posts"}],"about":[{"href":"https:\/\/linitiative.ca\/International\/wp-json\/wp\/v2\/types\/post"}],"author":[{"embeddable":true,"href":"https:\/\/linitiative.ca\/International\/wp-json\/wp\/v2\/users\/1790"}],"replies":[{"embeddable":true,"href":"https:\/\/linitiative.ca\/International\/wp-json\/wp\/v2\/comments?post=38818"}],"version-history":[{"count":0,"href":"https:\/\/linitiative.ca\/International\/wp-json\/wp\/v2\/posts\/38818\/revisions"}],"wp:featuredmedia":[{"embeddable":true,"href":"https:\/\/linitiative.ca\/International\/wp-json\/"}],"wp:attachment":[{"href":"https:\/\/linitiative.ca\/International\/wp-json\/wp\/v2\/media?parent=38818"}],"wp:term":[{"taxonomy":"category","embeddable":true,"href":"https:\/\/linitiative.ca\/International\/wp-json\/wp\/v2\/categories?post=38818"},{"taxonomy":"post_tag","embeddable":true,"href":"https:\/\/linitiative.ca\/International\/wp-json\/wp\/v2\/tags?post=38818"}],"curies":[{"name":"wp","href":"https:\/\/api.w.org\/{rel}","templated":true}]}}