{"id":38820,"date":"2019-06-05T04:28:43","date_gmt":"2019-06-05T08:28:43","guid":{"rendered":"https:\/\/linitiative.ca\/International\/egypte-quatre-agents-de-securite-tues-dans-une-attaque-terroriste-au-sinai\/"},"modified":"2019-06-05T04:28:43","modified_gmt":"2019-06-05T08:28:43","slug":"egypte-quatre-agents-de-securite-tues-dans-une-attaque-terroriste-au-sinai","status":"publish","type":"post","link":"https:\/\/linitiative.ca\/International\/egypte-quatre-agents-de-securite-tues-dans-une-attaque-terroriste-au-sinai\/","title":{"rendered":"Egypte: Quatre agents de s\u00e9curit\u00e9 tu\u00e9s dans une attaque terroriste au Sina\u00ef"},"content":{"rendered":"<div class=\"post-cont-in left relative\">\n<div class=\"swp_social_panel swp_horizontal_panel swp_flat_fresh swp_default_full_color swp_individual_full_color swp_other_full_color scale-100 scale-\" data-min-width=\"1100\" data-float-color=\"#ffffff\" data-float=\"none\" data-float-mobile=\"none\" data-transition=\"slide\">\n<div class=\"nc_tweetContainer swp_share_button total_shares total_sharesalt\"><span class=\"swp_count\">13 <span class=\"swp_label\">Partages<\/span><\/span><\/div>\n<\/div>\n<p>Au moins quatre membres des forces de s\u00e9curit\u00e9 \u00e9gyptiennes ont \u00e9t\u00e9 tu\u00e9s mercredi dans une attaque au Sina\u00ef (nord-est) o\u00f9 les forces de s\u00e9curit\u00e9 combattent de longue date une branche du groupe Etat islamique (EI), ont rapport\u00e9 des sources m\u00e9dicales et de s\u00e9curit\u00e9.<\/p>\n<p>L\u2019attaque, qui a vis\u00e9 un barrage pr\u00e8s d\u2019Al-Arich, chef-lieu du Nord-Sina\u00ef, a \u00e9t\u00e9 attribu\u00e9e par une source de s\u00e9curit\u00e9 \u00e0 des \u201c\u00e9l\u00e9ments terroristes qui sont actuellement encercl\u00e9s par l\u2019arm\u00e9e et la police\u201d.<\/p>\n<div class=\"code-block code-block-1 c3\"><ins class=\"adsbygoogle c2\" data-ad-layout=\"in-article\" data-ad-format=\"fluid\" data-ad-client=\"ca-pub-2102118777505746\" data-ad-slot=\"7301775417\"\/> <\/div>\n<p>Plusieurs points de contr\u00f4le pourraient avoir \u00e9t\u00e9 attaqu\u00e9s et le bilan pourrait s\u2019alourdir, a indiqu\u00e9 pour sa part la t\u00e9l\u00e9vision d\u2019Etat \u00e9gyptienne.<\/p>\n<p>L\u2019attaque a eu lieu au d\u00e9but de la f\u00eate musulmane de l\u2019A\u00efd al-Fitr, marquant la fin du mois de\u00a0je\u00fbne du ramadan, c\u00e9l\u00e9br\u00e9e mercredi en Egypte.<\/p>\n<p>Elle n\u2019a pas \u00e9t\u00e9 revendiqu\u00e9e dans l\u2019imm\u00e9diat.<\/p>\n<p>source:\u00a0euronews avec afp<\/p>\n<div class=\"mvp-org-wrap mvp-org-logo\" itemprop=\"publisher\" itemscope=\"\" itemtype=\"https:\/\/schema.org\/Organization\"><img decoding=\"async\" src=\"https:\/\/www.tunisienumerique.com\/wp-content\/uploads\/2017\/02\/logo_tunisie_numerique.png\"\/><\/div>\n<div class=\"swp_social_panel swp_horizontal_panel swp_flat_fresh swp_default_full_color swp_individual_full_color swp_other_full_color scale-100 scale-\" data-min-width=\"1100\" data-float-color=\"#ffffff\" data-float=\"none\" data-float-mobile=\"none\" data-transition=\"slide\">\n<div class=\"nc_tweetContainer swp_share_button total_shares total_sharesalt\"><span class=\"swp_count\">13 <span class=\"swp_label\">Partages<\/span><\/span><\/div>\n<\/div>\n<div class=\"mvp-related-posts left relative\">\n<h4 class=\"post-header\"><span class=\"post-header\">Lire aussi<\/span><\/h4>\n<\/div>\n<\/div>\n<p>Auteur: Mourad S<br \/>\n<a href=\"https:\/\/www.tunisienumerique.com\/egypte-quatre-agents-de-securite-tues-dans-une-attaque-terroriste-au-sinai\/\">Cliquez ici pour lire l&rsquo;article depuis sa source.<\/a><\/p>\n","protected":false},"excerpt":{"rendered":"<p>13 Partages Au moins quatre membres des forces de s\u00e9curit\u00e9 \u00e9gyptiennes ont \u00e9t\u00e9 tu\u00e9s mercredi dans une attaque au Sina\u00ef (nord-est) o\u00f9 les forces de s\u00e9curit\u00e9 combattent de longue date une branche du groupe Etat islamique (EI), ont rapport\u00e9 des sources m\u00e9dicales et de s\u00e9curit\u00e9. L\u2019attaque, qui a vis\u00e9 un barrage pr\u00e8s d\u2019Al-Arich, chef-lieu du [&hellip;]<\/p>\n","protected":false},"author":1789,"featured_media":38824,"comment_status":"closed","ping_status":"closed","sticky":false,"template":"","format":"standard","meta":{"fifu_image_url":"","fifu_image_alt":"","footnotes":""},"categories":[73,55],"tags":[],"class_list":["post-38820","post","type-post","status-publish","format-standard","has-post-thumbnail","hentry","category-actualite","category-tunisie"],"_links":{"self":[{"href":"https:\/\/linitiative.ca\/International\/wp-json\/wp\/v2\/posts\/38820","targetHints":{"allow":["GET"]}}],"collection":[{"href":"https:\/\/linitiative.ca\/International\/wp-json\/wp\/v2\/posts"}],"about":[{"href":"https:\/\/linitiative.ca\/International\/wp-json\/wp\/v2\/types\/post"}],"author":[{"embeddable":true,"href":"https:\/\/linitiative.ca\/International\/wp-json\/wp\/v2\/users\/1789"}],"replies":[{"embeddable":true,"href":"https:\/\/linitiative.ca\/International\/wp-json\/wp\/v2\/comments?post=38820"}],"version-history":[{"count":0,"href":"https:\/\/linitiative.ca\/International\/wp-json\/wp\/v2\/posts\/38820\/revisions"}],"wp:featuredmedia":[{"embeddable":true,"href":"https:\/\/linitiative.ca\/International\/wp-json\/"}],"wp:attachment":[{"href":"https:\/\/linitiative.ca\/International\/wp-json\/wp\/v2\/media?parent=38820"}],"wp:term":[{"taxonomy":"category","embeddable":true,"href":"https:\/\/linitiative.ca\/International\/wp-json\/wp\/v2\/categories?post=38820"},{"taxonomy":"post_tag","embeddable":true,"href":"https:\/\/linitiative.ca\/International\/wp-json\/wp\/v2\/tags?post=38820"}],"curies":[{"name":"wp","href":"https:\/\/api.w.org\/{rel}","templated":true}]}}