{"id":38823,"date":"2019-06-05T09:13:27","date_gmt":"2019-06-05T13:13:27","guid":{"rendered":"https:\/\/linitiative.ca\/International\/pros-hoffenheim-mauvaise-nouvelle-pour-belfodil\/"},"modified":"2019-06-05T09:13:27","modified_gmt":"2019-06-05T13:13:27","slug":"pros-hoffenheim-mauvaise-nouvelle-pour-belfodil","status":"publish","type":"post","link":"https:\/\/linitiative.ca\/International\/pros-hoffenheim-mauvaise-nouvelle-pour-belfodil\/","title":{"rendered":"Pros : Hoffenheim : Mauvaise nouvelle pour Belfodil"},"content":{"rendered":"<div readability=\"32\">\n<p>Auteur : <span class=\"time\">mardi 04 juin 2019 20:36<\/span><\/p>\n<\/div>\n<div id=\"post_core\" readability=\"42\">\n<p>En effet, selon les informations du quotidien allemand Bild, Ishak Belfodil va subir dans les heures \u00e0 venir une op\u00e9ration au niveau des ligaments du genou ce qui implique une absence des terrains d&rsquo;environ six mois. Son retour \u00e0 la comp\u00e9tition pourrait se faire en novembre prochain et l&rsquo;international alg\u00e9rien va donc manquer le d\u00e9but de saison avec son \u00e9quipe.<\/p>\n<p>Rappelons que Djamel Belmadi avait \u00e9cart\u00e9 Ishak Belfodil de son groupe pour la CAN en raison de cette m\u00eame blessure au genou.<\/p>\n<p><strong>Publi\u00e9 dans :<\/strong> <span>Hoffenheim<\/span><\/p>\n<\/div>\n<p>Auteur:<br \/>\n<a href=\"http:\/\/www.lebuteur.com\/article\/detail?titre=hoffenheim-mauvaise-nouvelle-pour-belfodil&#038;id=89341&#038;utm_source=feedburner&#038;utm_medium=feed&#038;utm_campaign=Feed%3A+GalerieFArtciles+%28Les+derniers+articles++-+lebuteur.com%29\">Cliquez ici pour lire l&rsquo;article depuis sa source.<\/a><\/p>\n","protected":false},"excerpt":{"rendered":"<p>Auteur : mardi 04 juin 2019 20:36 En effet, selon les informations du quotidien allemand Bild, Ishak Belfodil va subir dans les heures \u00e0 venir une op\u00e9ration au niveau des ligaments du genou ce qui implique une absence des terrains d&rsquo;environ six mois. Son retour \u00e0 la comp\u00e9tition pourrait se faire en novembre prochain et [&hellip;]<\/p>\n","protected":false},"author":1738,"featured_media":38825,"comment_status":"closed","ping_status":"closed","sticky":false,"template":"","format":"standard","meta":{"fifu_image_url":"","fifu_image_alt":"","footnotes":""},"categories":[53,75],"tags":[],"class_list":["post-38823","post","type-post","status-publish","format-standard","has-post-thumbnail","hentry","category-algerie","category-sport"],"_links":{"self":[{"href":"https:\/\/linitiative.ca\/International\/wp-json\/wp\/v2\/posts\/38823","targetHints":{"allow":["GET"]}}],"collection":[{"href":"https:\/\/linitiative.ca\/International\/wp-json\/wp\/v2\/posts"}],"about":[{"href":"https:\/\/linitiative.ca\/International\/wp-json\/wp\/v2\/types\/post"}],"author":[{"embeddable":true,"href":"https:\/\/linitiative.ca\/International\/wp-json\/wp\/v2\/users\/1738"}],"replies":[{"embeddable":true,"href":"https:\/\/linitiative.ca\/International\/wp-json\/wp\/v2\/comments?post=38823"}],"version-history":[{"count":0,"href":"https:\/\/linitiative.ca\/International\/wp-json\/wp\/v2\/posts\/38823\/revisions"}],"wp:featuredmedia":[{"embeddable":true,"href":"https:\/\/linitiative.ca\/International\/wp-json\/"}],"wp:attachment":[{"href":"https:\/\/linitiative.ca\/International\/wp-json\/wp\/v2\/media?parent=38823"}],"wp:term":[{"taxonomy":"category","embeddable":true,"href":"https:\/\/linitiative.ca\/International\/wp-json\/wp\/v2\/categories?post=38823"},{"taxonomy":"post_tag","embeddable":true,"href":"https:\/\/linitiative.ca\/International\/wp-json\/wp\/v2\/tags?post=38823"}],"curies":[{"name":"wp","href":"https:\/\/api.w.org\/{rel}","templated":true}]}}