{"id":38826,"date":"2019-06-05T07:04:00","date_gmt":"2019-06-05T11:04:00","guid":{"rendered":"https:\/\/linitiative.ca\/International\/deces-du-directeur-de-publication-de-le-soir-dalgerie\/"},"modified":"2019-06-05T07:04:00","modified_gmt":"2019-06-05T11:04:00","slug":"deces-du-directeur-de-publication-de-le-soir-dalgerie","status":"publish","type":"post","link":"https:\/\/linitiative.ca\/International\/deces-du-directeur-de-publication-de-le-soir-dalgerie\/","title":{"rendered":"<div>D\u00e9c\u00e8s du directeur de publication de \u00ab Le Soir d&rsquo;Alg\u00e9rie \u00bb<\/div>"},"content":{"rendered":"<div id=\"originalText\" readability=\"51\">\n<p>Le directeur du quotidien national \u00ab Le Soir d&rsquo;Alg\u00e9rie \u00bb, Fouad Boughanem, est d\u00e9c\u00e9d\u00e9 ce mercredi matin \u00e0 Alger, \u00e0 l&rsquo;\u00e2ge de 65 ans, suite \u00e0 une longue maladie, a appris Libert\u00e9 de ses proches. L&rsquo;enterrement aura lieu aujourd\u2019hui, apr\u00e8s la pri\u00e8re d&rsquo;El Asr, au cimeti\u00e8re de Dely Ibrahim (Alger).<\/p>\n<p>P\u00e8re d&rsquo;une fille, le d\u00e9funt \u00e9tait le g\u00e9rant-directeur de la publication du quotidien depuis 1999. Il est \u00e9galement membre fondateur de\u00a0\u00ab Le Soir d&rsquo;Alg\u00e9rie \u00bb, peu apr\u00e8s la promulgation de la loi sur les m\u00e9dias, qui a ouvert le champ m\u00e9diatique en 1990, avec un groupe de journalistes travaillant dans le secteur public \u00e0 l&rsquo;\u00e9poque.<\/p>\n<p class=\"c10\"><strong>R\u00e9daction Web<\/strong><\/p>\n<\/div>\n<div id=\"text_core\" readability=\"51\">\n<p>Le directeur du quotidien national \u00ab Le Soir d&rsquo;Alg\u00e9rie \u00bb, Fouad Boughanem, est d\u00e9c\u00e9d\u00e9 ce mercredi matin \u00e0 Alger, \u00e0 l&rsquo;\u00e2ge de 65 ans, suite \u00e0 une longue maladie, a appris Libert\u00e9 de ses proches. L&rsquo;enterrement aura lieu aujourd\u2019hui, apr\u00e8s la pri\u00e8re d&rsquo;El Asr, au cimeti\u00e8re de Dely Ibrahim (Alger).<\/p>\n<p>P\u00e8re d&rsquo;une fille, le d\u00e9funt \u00e9tait le g\u00e9rant-directeur de la publication du quotidien depuis 1999. Il est \u00e9galement membre fondateur de\u00a0\u00ab Le Soir d&rsquo;Alg\u00e9rie \u00bb, peu apr\u00e8s la promulgation de la loi sur les m\u00e9dias, qui a ouvert le champ m\u00e9diatique en 1990, avec un groupe de journalistes travaillant dans le secteur public \u00e0 l&rsquo;\u00e9poque.<\/p>\n<p class=\"c10\"><strong>R\u00e9daction Web<\/strong><\/p>\n<\/div>\n<p>Auteur:<br \/>\n<a href=\"https:\/\/www.liberte-algerie.com\/actualite\/deces-du-directeur-de-publication-de-le-soir-dalgerie-317219\">Cliquez ici pour lire l&rsquo;article depuis sa source.<\/a><\/p>\n","protected":false},"excerpt":{"rendered":"<p>Le directeur du quotidien national \u00ab Le Soir d&rsquo;Alg\u00e9rie \u00bb, Fouad Boughanem, est d\u00e9c\u00e9d\u00e9 ce mercredi matin \u00e0 Alger, \u00e0 l&rsquo;\u00e2ge de 65 ans, suite \u00e0 une longue maladie, a appris Libert\u00e9 de ses proches. L&rsquo;enterrement aura lieu aujourd\u2019hui, apr\u00e8s la pri\u00e8re d&rsquo;El Asr, au cimeti\u00e8re de Dely Ibrahim (Alger). P\u00e8re d&rsquo;une fille, le d\u00e9funt [&hellip;]<\/p>\n","protected":false},"author":1742,"featured_media":0,"comment_status":"closed","ping_status":"closed","sticky":false,"template":"","format":"standard","meta":{"fifu_image_url":"","fifu_image_alt":"","footnotes":""},"categories":[73,53],"tags":[],"class_list":["post-38826","post","type-post","status-publish","format-standard","hentry","category-actualite","category-algerie"],"_links":{"self":[{"href":"https:\/\/linitiative.ca\/International\/wp-json\/wp\/v2\/posts\/38826","targetHints":{"allow":["GET"]}}],"collection":[{"href":"https:\/\/linitiative.ca\/International\/wp-json\/wp\/v2\/posts"}],"about":[{"href":"https:\/\/linitiative.ca\/International\/wp-json\/wp\/v2\/types\/post"}],"author":[{"embeddable":true,"href":"https:\/\/linitiative.ca\/International\/wp-json\/wp\/v2\/users\/1742"}],"replies":[{"embeddable":true,"href":"https:\/\/linitiative.ca\/International\/wp-json\/wp\/v2\/comments?post=38826"}],"version-history":[{"count":0,"href":"https:\/\/linitiative.ca\/International\/wp-json\/wp\/v2\/posts\/38826\/revisions"}],"wp:attachment":[{"href":"https:\/\/linitiative.ca\/International\/wp-json\/wp\/v2\/media?parent=38826"}],"wp:term":[{"taxonomy":"category","embeddable":true,"href":"https:\/\/linitiative.ca\/International\/wp-json\/wp\/v2\/categories?post=38826"},{"taxonomy":"post_tag","embeddable":true,"href":"https:\/\/linitiative.ca\/International\/wp-json\/wp\/v2\/tags?post=38826"}],"curies":[{"name":"wp","href":"https:\/\/api.w.org\/{rel}","templated":true}]}}