{"id":38827,"date":"2019-06-05T09:13:29","date_gmt":"2019-06-05T13:13:29","guid":{"rendered":"https:\/\/linitiative.ca\/International\/afrique-can-2019-lappel-des-comores-rejete-le-cameroun-jouera-la-competition\/"},"modified":"2019-06-05T09:13:29","modified_gmt":"2019-06-05T13:13:29","slug":"afrique-can-2019-lappel-des-comores-rejete-le-cameroun-jouera-la-competition","status":"publish","type":"post","link":"https:\/\/linitiative.ca\/International\/afrique-can-2019-lappel-des-comores-rejete-le-cameroun-jouera-la-competition\/","title":{"rendered":"Afrique : CAN 2019 : L&rsquo;appel des Comores rejet\u00e9. Le Cameroun jouera la comp\u00e9tition"},"content":{"rendered":"<div readability=\"32\">\n<p>Auteur : <span class=\"time\">mardi 04 juin 2019 21:09<\/span><\/p>\n<\/div>\n<div id=\"post_core\" readability=\"40\">\n<p>Le TAS a d\u00e9bout\u00e9, ce mardi, les Comores, qui esp\u00e9raient \u00eatre r\u00e9int\u00e9gr\u00e9s pour la CAN 2019 en \u00c9gypte (21 juin-19 juillet). Ils avaient r\u00e9clam\u00e9 des sanctions contre le Cameroun, estimant que les r\u00e8gles de la CAF n&rsquo;avaient pas \u00e9t\u00e9 respect\u00e9es par l&rsquo;organe de gestion du foot africain comme l&rsquo;indique France Football. Pour les Comores, les Lions indomptables devaient \u00eatre sanctionn\u00e9s de leur incapacit\u00e9 \u00e0 organiser la CAN chez eux. Ils n&rsquo;ont donc pas eu gain de cause.<\/p>\n<p><strong>Publi\u00e9 dans :<\/strong> <span>CAN 2019<\/span><\/p>\n<\/div>\n<p>Auteur:<br \/>\n<a href=\"http:\/\/www.lebuteur.com\/article\/detail?titre=can-2019-lappel-des-comores-rejete-le-cameroun-jouera-la-competition&#038;id=89342&#038;utm_source=feedburner&#038;utm_medium=feed&#038;utm_campaign=Feed%3A+GalerieFArtciles+%28Les+derniers+articles++-+lebuteur.com%29\">Cliquez ici pour lire l&rsquo;article depuis sa source.<\/a><\/p>\n","protected":false},"excerpt":{"rendered":"<p>Auteur : mardi 04 juin 2019 21:09 Le TAS a d\u00e9bout\u00e9, ce mardi, les Comores, qui esp\u00e9raient \u00eatre r\u00e9int\u00e9gr\u00e9s pour la CAN 2019 en \u00c9gypte (21 juin-19 juillet). Ils avaient r\u00e9clam\u00e9 des sanctions contre le Cameroun, estimant que les r\u00e8gles de la CAF n&rsquo;avaient pas \u00e9t\u00e9 respect\u00e9es par l&rsquo;organe de gestion du foot africain comme [&hellip;]<\/p>\n","protected":false},"author":1738,"featured_media":38829,"comment_status":"closed","ping_status":"closed","sticky":false,"template":"","format":"standard","meta":{"fifu_image_url":"","fifu_image_alt":"","footnotes":""},"categories":[53,75],"tags":[],"class_list":["post-38827","post","type-post","status-publish","format-standard","has-post-thumbnail","hentry","category-algerie","category-sport"],"_links":{"self":[{"href":"https:\/\/linitiative.ca\/International\/wp-json\/wp\/v2\/posts\/38827","targetHints":{"allow":["GET"]}}],"collection":[{"href":"https:\/\/linitiative.ca\/International\/wp-json\/wp\/v2\/posts"}],"about":[{"href":"https:\/\/linitiative.ca\/International\/wp-json\/wp\/v2\/types\/post"}],"author":[{"embeddable":true,"href":"https:\/\/linitiative.ca\/International\/wp-json\/wp\/v2\/users\/1738"}],"replies":[{"embeddable":true,"href":"https:\/\/linitiative.ca\/International\/wp-json\/wp\/v2\/comments?post=38827"}],"version-history":[{"count":0,"href":"https:\/\/linitiative.ca\/International\/wp-json\/wp\/v2\/posts\/38827\/revisions"}],"wp:featuredmedia":[{"embeddable":true,"href":"https:\/\/linitiative.ca\/International\/wp-json\/"}],"wp:attachment":[{"href":"https:\/\/linitiative.ca\/International\/wp-json\/wp\/v2\/media?parent=38827"}],"wp:term":[{"taxonomy":"category","embeddable":true,"href":"https:\/\/linitiative.ca\/International\/wp-json\/wp\/v2\/categories?post=38827"},{"taxonomy":"post_tag","embeddable":true,"href":"https:\/\/linitiative.ca\/International\/wp-json\/wp\/v2\/tags?post=38827"}],"curies":[{"name":"wp","href":"https:\/\/api.w.org\/{rel}","templated":true}]}}