{"id":38831,"date":"2019-06-05T09:13:31","date_gmt":"2019-06-05T13:13:31","guid":{"rendered":"https:\/\/linitiative.ca\/International\/international-bresil-neymar-sur-le-point-de-laisser-tomber-la-copa-america\/"},"modified":"2019-06-05T09:13:31","modified_gmt":"2019-06-05T13:13:31","slug":"international-bresil-neymar-sur-le-point-de-laisser-tomber-la-copa-america","status":"publish","type":"post","link":"https:\/\/linitiative.ca\/International\/international-bresil-neymar-sur-le-point-de-laisser-tomber-la-copa-america\/","title":{"rendered":"International : Br\u00e9sil : Neymar sur le point de laisser tomber la Copa America ?"},"content":{"rendered":"<div readability=\"32\">\n<p>Auteur : <span class=\"time\">mercredi 05 juin 2019 09:09<\/span><\/p>\n<\/div>\n<div id=\"post_core\" readability=\"47\">\n<p>Francisco Novelotto, qui est aussi pr\u00e9sident de la F\u00e9d\u00e9ration gaucha de football, a ainsi pris le pari que Neymar allait demander \u00e0 quitter la Sele\u00e7\u00e3o \u00e0 cause de la pression des m\u00e9dias :<\/p>\n<p>\u00ab\u00a0Si je devais miser, je miserais sur son d\u00e9part, a-t-il dit dans un entretien \u00e0 la radio SBT et comme le rapporte France Football. Il n&rsquo;aura pas les conditions psychologiques n\u00e9cessaires pour affronter une Copa America et un bataillon de journalistes. Ce serait m\u00eame une bonne chose pour tout le monde.\u00a0Pour lui, pour la CBF et pour le spectacle. Il a d\u00e9j\u00e0 laiss\u00e9 \u00e0 d\u00e9sirer lors du Mondial, alors imaginez lors d&rsquo;une Copa America avec autant de charge \u00e9motionnelle. [&#8230;] La CBF ne va pas l&rsquo;\u00e9carter, Tite non plus, mais si cela vient de lui, la CBF devra c\u00e9der.\u00a0\u00bb<br \/>\u00a0<\/p>\n<p><strong>Publi\u00e9 dans :<\/strong> <span>Br\u00e9sil<\/span><\/p>\n<\/div>\n<p>Auteur:<br \/>\n<a href=\"http:\/\/www.lebuteur.com\/article\/detail?titre=bresil-neymar-sur-le-point-de-laisser-tomber-la-copa-america&#038;id=89343&#038;utm_source=feedburner&#038;utm_medium=feed&#038;utm_campaign=Feed%3A+GalerieFArtciles+%28Les+derniers+articles++-+lebuteur.com%29\">Cliquez ici pour lire l&rsquo;article depuis sa source.<\/a><\/p>\n","protected":false},"excerpt":{"rendered":"<p>Auteur : mercredi 05 juin 2019 09:09 Francisco Novelotto, qui est aussi pr\u00e9sident de la F\u00e9d\u00e9ration gaucha de football, a ainsi pris le pari que Neymar allait demander \u00e0 quitter la Sele\u00e7\u00e3o \u00e0 cause de la pression des m\u00e9dias : \u00ab\u00a0Si je devais miser, je miserais sur son d\u00e9part, a-t-il dit dans un entretien \u00e0 [&hellip;]<\/p>\n","protected":false},"author":1738,"featured_media":38832,"comment_status":"closed","ping_status":"closed","sticky":false,"template":"","format":"standard","meta":{"fifu_image_url":"","fifu_image_alt":"","footnotes":""},"categories":[53,75],"tags":[],"class_list":["post-38831","post","type-post","status-publish","format-standard","has-post-thumbnail","hentry","category-algerie","category-sport"],"_links":{"self":[{"href":"https:\/\/linitiative.ca\/International\/wp-json\/wp\/v2\/posts\/38831","targetHints":{"allow":["GET"]}}],"collection":[{"href":"https:\/\/linitiative.ca\/International\/wp-json\/wp\/v2\/posts"}],"about":[{"href":"https:\/\/linitiative.ca\/International\/wp-json\/wp\/v2\/types\/post"}],"author":[{"embeddable":true,"href":"https:\/\/linitiative.ca\/International\/wp-json\/wp\/v2\/users\/1738"}],"replies":[{"embeddable":true,"href":"https:\/\/linitiative.ca\/International\/wp-json\/wp\/v2\/comments?post=38831"}],"version-history":[{"count":0,"href":"https:\/\/linitiative.ca\/International\/wp-json\/wp\/v2\/posts\/38831\/revisions"}],"wp:featuredmedia":[{"embeddable":true,"href":"https:\/\/linitiative.ca\/International\/wp-json\/"}],"wp:attachment":[{"href":"https:\/\/linitiative.ca\/International\/wp-json\/wp\/v2\/media?parent=38831"}],"wp:term":[{"taxonomy":"category","embeddable":true,"href":"https:\/\/linitiative.ca\/International\/wp-json\/wp\/v2\/categories?post=38831"},{"taxonomy":"post_tag","embeddable":true,"href":"https:\/\/linitiative.ca\/International\/wp-json\/wp\/v2\/tags?post=38831"}],"curies":[{"name":"wp","href":"https:\/\/api.w.org\/{rel}","templated":true}]}}