{"id":38834,"date":"2019-06-05T09:13:33","date_gmt":"2019-06-05T13:13:33","guid":{"rendered":"https:\/\/linitiative.ca\/International\/divers-salah-prive-de-la-priere-de-laid-el-fitr-a-cause-des-medias\/"},"modified":"2019-06-05T09:13:33","modified_gmt":"2019-06-05T13:13:33","slug":"divers-salah-prive-de-la-priere-de-laid-el-fitr-a-cause-des-medias","status":"publish","type":"post","link":"https:\/\/linitiative.ca\/International\/divers-salah-prive-de-la-priere-de-laid-el-fitr-a-cause-des-medias\/","title":{"rendered":"Divers : Salah priv\u00e9 de la pri\u00e8re de l&rsquo;Aid El-Fitr \u00e0 cause des m\u00e9dias"},"content":{"rendered":"<div readability=\"32\">\n<p>Auteur : <span class=\"time\">mercredi 05 juin 2019 09:22<\/span><\/p>\n<\/div>\n<div id=\"post_core\" readability=\"47\">\n<p>L&rsquo;international \u00e9gyptien a en effet \u00e9t\u00e9 surpris, dans la matin\u00e9e de ce mercredi 5 juin, par la grande foule et les m\u00e9dias, pr\u00e9sents devant son domicile, dans la province \u00ab\u00a0Al gharbia\u00a0\u00bb, au nord de l&rsquo;Egypte, qui l&rsquo;ont l&#8217;emp\u00each\u00e9 de sortir avec son \u00e9pouse et sa fille, pour effectuer la pri\u00e8re de l&rsquo;A\u00efd comme l&rsquo;indique mosaiquefm.net.<\/p>\n<p>En col\u00e8re, l&rsquo;attaquant des Reds a publi\u00e9 un tweet sur son compte officiel, exprimant son m\u00e9contentement face \u00e0 cet incident :<\/p>\n<p><img decoding=\"async\" alt=\"\" src=\"https:\/\/www.mosaiquefm.net\/uploads\/FCK_files\/images\/MOHAMED%20SALAH.PNG\" class=\"c1\"\/><\/p>\n<p><img decoding=\"async\" alt=\"\" src=\"https:\/\/www.mosaiquefm.net\/uploads\/FCK_files\/images\/67499-%D9%85%D9%83%D8%A9-%D9%85%D8%AD%D9%85%D8%AF-%D8%B5%D9%84%D8%A7%D8%AD-(2).jpg\" class=\"c2\"\/><\/p>\n<p><img decoding=\"async\" alt=\"\" src=\"https:\/\/www.mosaiquefm.net\/uploads\/FCK_files\/images\/67469-%D9%85%D9%83%D8%A9-%D9%85%D8%AD%D9%85%D8%AF-%D8%B5%D9%84%D8%A7%D8%AD-(6).jpg\" class=\"c2\"\/><\/p>\n<p><strong>Publi\u00e9 dans :<\/strong> <span>salah<\/span><\/p>\n<\/div>\n<p>Auteur:<br \/>\n<a href=\"http:\/\/www.lebuteur.com\/article\/detail?titre=salah-prive-de-la-priere-de-laid-el-fitr-a-cause-des-medias&#038;id=89344&#038;utm_source=feedburner&#038;utm_medium=feed&#038;utm_campaign=Feed%3A+GalerieFArtciles+%28Les+derniers+articles++-+lebuteur.com%29\">Cliquez ici pour lire l&rsquo;article depuis sa source.<\/a><\/p>\n","protected":false},"excerpt":{"rendered":"<p>Auteur : mercredi 05 juin 2019 09:22 L&rsquo;international \u00e9gyptien a en effet \u00e9t\u00e9 surpris, dans la matin\u00e9e de ce mercredi 5 juin, par la grande foule et les m\u00e9dias, pr\u00e9sents devant son domicile, dans la province \u00ab\u00a0Al gharbia\u00a0\u00bb, au nord de l&rsquo;Egypte, qui l&rsquo;ont l&#8217;emp\u00each\u00e9 de sortir avec son \u00e9pouse et sa fille, pour effectuer [&hellip;]<\/p>\n","protected":false},"author":1738,"featured_media":38837,"comment_status":"closed","ping_status":"closed","sticky":false,"template":"","format":"standard","meta":{"fifu_image_url":"","fifu_image_alt":"","footnotes":""},"categories":[53,75],"tags":[],"class_list":["post-38834","post","type-post","status-publish","format-standard","has-post-thumbnail","hentry","category-algerie","category-sport"],"_links":{"self":[{"href":"https:\/\/linitiative.ca\/International\/wp-json\/wp\/v2\/posts\/38834","targetHints":{"allow":["GET"]}}],"collection":[{"href":"https:\/\/linitiative.ca\/International\/wp-json\/wp\/v2\/posts"}],"about":[{"href":"https:\/\/linitiative.ca\/International\/wp-json\/wp\/v2\/types\/post"}],"author":[{"embeddable":true,"href":"https:\/\/linitiative.ca\/International\/wp-json\/wp\/v2\/users\/1738"}],"replies":[{"embeddable":true,"href":"https:\/\/linitiative.ca\/International\/wp-json\/wp\/v2\/comments?post=38834"}],"version-history":[{"count":0,"href":"https:\/\/linitiative.ca\/International\/wp-json\/wp\/v2\/posts\/38834\/revisions"}],"wp:featuredmedia":[{"embeddable":true,"href":"https:\/\/linitiative.ca\/International\/wp-json\/"}],"wp:attachment":[{"href":"https:\/\/linitiative.ca\/International\/wp-json\/wp\/v2\/media?parent=38834"}],"wp:term":[{"taxonomy":"category","embeddable":true,"href":"https:\/\/linitiative.ca\/International\/wp-json\/wp\/v2\/categories?post=38834"},{"taxonomy":"post_tag","embeddable":true,"href":"https:\/\/linitiative.ca\/International\/wp-json\/wp\/v2\/tags?post=38834"}],"curies":[{"name":"wp","href":"https:\/\/api.w.org\/{rel}","templated":true}]}}