{"id":38836,"date":"2019-06-05T07:42:27","date_gmt":"2019-06-05T11:42:27","guid":{"rendered":"https:\/\/linitiative.ca\/International\/fifa-gianni-infantino-reelu-pour-un-deuxieme-mandat\/"},"modified":"2019-06-05T07:42:27","modified_gmt":"2019-06-05T11:42:27","slug":"fifa-gianni-infantino-reelu-pour-un-deuxieme-mandat","status":"publish","type":"post","link":"https:\/\/linitiative.ca\/International\/fifa-gianni-infantino-reelu-pour-un-deuxieme-mandat\/","title":{"rendered":"FIFA : Gianni Infantino r\u00e9\u00e9lu pour un deuxi\u00e8me mandat"},"content":{"rendered":"<div class=\"nc_socialPanel swp_flatFresh swp_d_fullColor swp_i_fullColor swp_o_fullColor scale-100 scale-fullWidth\" data-position=\"none\" data-float=\"floatNone\" data-count=\"5\" data-floatcolor=\"#ffffff\" data-emphasize=\"0\">\n<div class=\"nc_tweetContainer totes totesalt\" data-id=\"6\"><span class=\"swp_count\"><span class=\"swp_label\">Partages<\/span> 0<\/span><\/div>\n<\/div>\n<p><span>Le pr\u00e9sident de la Fifa, Gianni\u00a0<\/span><span>Infantino<\/span><span>, a \u00e9t\u00e9 r\u00e9\u00e9lu mercredi pour un deuxi\u00e8me mandat \u00e0 la t\u00eate de l\u2019instance jusqu\u2019en 2023.<\/span><span>\u00a0<\/span><\/p>\n<p><span>Il \u00e9tait le seul candidat en lice, sa r\u00e9\u00e9lection ne faisait aucun doute. Gianni\u00a0<\/span><span>Infantino<\/span><span>, actuel\u00a0pr\u00e9sident de la FIFA, a \u00e9t\u00e9 r\u00e9\u00e9lu officiellement pour un deuxi\u00e8me mandat \u00e0 la t\u00eate de l\u2019instance mercredi 5 juin \u00e0 Paris, lors du 69e\u00a0Congr\u00e8s de la f\u00e9d\u00e9ration internationale de football.<\/span><span>\u00a0<\/span><\/p>\n<div class=\"code-block code-block-1 c5\"><ins class=\"adsbygoogle c4\" data-ad-layout=\"in-article\" data-ad-format=\"fluid\" data-ad-client=\"ca-pub-2102118777505746\" data-ad-slot=\"7301775417\"\/> <\/div>\n<p><span>Le dirigeant suisse, qui a succ\u00e9d\u00e9 en 2016 \u00e0 Sepp Blatter, a \u00e9t\u00e9 \u00e9lu par\u00a0acclamations des 211 f\u00e9d\u00e9rations membres. Il restera en poste jusqu\u2019en 2023.<\/span><span>\u00a0<\/span><\/p>\n<div class=\"mvp-org-wrap mvp-org-logo\" itemprop=\"publisher\" itemscope=\"\" itemtype=\"https:\/\/schema.org\/Organization\"><img decoding=\"async\" src=\"https:\/\/sport.tunisienumerique.com\/wp-content\/uploads\/2017\/05\/logo_tunisie_numerique.png\"\/><\/div>\n<div class=\"post-tags\"><span class=\"post-tags-header\">Sujets Connexes:<\/span><span itemprop=\"keywords\"><a href=\"https:\/\/sport.tunisienumerique.com\/tag\/fifa\/\" rel=\"tag\">fifa<\/a><\/span><\/div>\n<div class=\"nc_socialPanel swp_flatFresh swp_d_fullColor swp_i_fullColor swp_o_fullColor scale-100 scale-fullWidth\" data-position=\"none\" data-float=\"floatNone\" data-count=\"5\" data-floatcolor=\"#ffffff\" data-emphasize=\"0\">\n<div class=\"nc_tweetContainer totes totesalt\" data-id=\"6\"><span class=\"swp_count\"><span class=\"swp_label\">Partages<\/span> 0<\/span><\/div>\n<\/div>\n<div class=\"mvp-related-posts left relative\">\n<h4 class=\"post-header\"><span class=\"post-header\">Lire aussi<\/span><\/h4>\n<\/div>\n<p>Auteur:<br \/>\n<a href=\"https:\/\/sport.tunisienumerique.com\/fifa-gianni-infantino-reelu-deuxieme-mandat\/\">Cliquez ici pour lire l&rsquo;article depuis sa source.<\/a><\/p>\n","protected":false},"excerpt":{"rendered":"<p>Partages 0 Le pr\u00e9sident de la Fifa, Gianni\u00a0Infantino, a \u00e9t\u00e9 r\u00e9\u00e9lu mercredi pour un deuxi\u00e8me mandat \u00e0 la t\u00eate de l\u2019instance jusqu\u2019en 2023.\u00a0 Il \u00e9tait le seul candidat en lice, sa r\u00e9\u00e9lection ne faisait aucun doute. Gianni\u00a0Infantino, actuel\u00a0pr\u00e9sident de la FIFA, a \u00e9t\u00e9 r\u00e9\u00e9lu officiellement pour un deuxi\u00e8me mandat \u00e0 la t\u00eate de l\u2019instance mercredi [&hellip;]<\/p>\n","protected":false},"author":1789,"featured_media":38838,"comment_status":"closed","ping_status":"closed","sticky":false,"template":"","format":"standard","meta":{"fifu_image_url":"","fifu_image_alt":"","footnotes":""},"categories":[73,55],"tags":[],"class_list":["post-38836","post","type-post","status-publish","format-standard","has-post-thumbnail","hentry","category-actualite","category-tunisie"],"_links":{"self":[{"href":"https:\/\/linitiative.ca\/International\/wp-json\/wp\/v2\/posts\/38836","targetHints":{"allow":["GET"]}}],"collection":[{"href":"https:\/\/linitiative.ca\/International\/wp-json\/wp\/v2\/posts"}],"about":[{"href":"https:\/\/linitiative.ca\/International\/wp-json\/wp\/v2\/types\/post"}],"author":[{"embeddable":true,"href":"https:\/\/linitiative.ca\/International\/wp-json\/wp\/v2\/users\/1789"}],"replies":[{"embeddable":true,"href":"https:\/\/linitiative.ca\/International\/wp-json\/wp\/v2\/comments?post=38836"}],"version-history":[{"count":0,"href":"https:\/\/linitiative.ca\/International\/wp-json\/wp\/v2\/posts\/38836\/revisions"}],"wp:featuredmedia":[{"embeddable":true,"href":"https:\/\/linitiative.ca\/International\/wp-json\/"}],"wp:attachment":[{"href":"https:\/\/linitiative.ca\/International\/wp-json\/wp\/v2\/media?parent=38836"}],"wp:term":[{"taxonomy":"category","embeddable":true,"href":"https:\/\/linitiative.ca\/International\/wp-json\/wp\/v2\/categories?post=38836"},{"taxonomy":"post_tag","embeddable":true,"href":"https:\/\/linitiative.ca\/International\/wp-json\/wp\/v2\/tags?post=38836"}],"curies":[{"name":"wp","href":"https:\/\/api.w.org\/{rel}","templated":true}]}}