{"id":38843,"date":"2019-06-05T06:19:24","date_gmt":"2019-06-05T10:19:24","guid":{"rendered":"https:\/\/linitiative.ca\/International\/deces-de-fouad-boughanem-directeur-du-soir-dalgerie\/"},"modified":"2019-06-05T06:19:24","modified_gmt":"2019-06-05T10:19:24","slug":"deces-de-fouad-boughanem-directeur-du-soir-dalgerie","status":"publish","type":"post","link":"https:\/\/linitiative.ca\/International\/deces-de-fouad-boughanem-directeur-du-soir-dalgerie\/","title":{"rendered":"D\u00e9c\u00e8s de Fouad Boughanem, directeur du Soir d\u2019Alg\u00e9rie"},"content":{"rendered":"<h4 class=\"title-14\"\/>\n<div class=\"featured_image\"><img width=\"802\" height=\"837\" data-cfsrc=\"https:\/\/www.elwatan.com\/wp-content\/uploads\/2019\/06\/62202061_458802944868636_6743941061015502848_n.jpg\" class=\"attachment-post-thumbnail size-post-thumbnail wp-post-image c1\" alt=\"\" srcset=\"https:\/\/www.elwatan.com\/wp-content\/uploads\/2019\/06\/62202061_458802944868636_6743941061015502848_n.jpg 802w, https:\/\/www.elwatan.com\/wp-content\/uploads\/2019\/06\/62202061_458802944868636_6743941061015502848_n-287x300.jpg 287w, https:\/\/www.elwatan.com\/wp-content\/uploads\/2019\/06\/62202061_458802944868636_6743941061015502848_n-768x802.jpg 768w\" sizes=\"(max-width: 802px) 100vw, 802px\"\/><noscript><\/p>\n<p><img loading=\"lazy\" decoding=\"async\" width=\"802\" height=\"837\" src=\"https:\/\/www.elwatan.com\/wp-content\/uploads\/2019\/06\/62202061_458802944868636_6743941061015502848_n.jpg\" class=\"attachment-post-thumbnail size-post-thumbnail wp-post-image\" alt=\"\" srcset=\"https:\/\/www.elwatan.com\/wp-content\/uploads\/2019\/06\/62202061_458802944868636_6743941061015502848_n.jpg 802w, https:\/\/www.elwatan.com\/wp-content\/uploads\/2019\/06\/62202061_458802944868636_6743941061015502848_n-287x300.jpg 287w, https:\/\/www.elwatan.com\/wp-content\/uploads\/2019\/06\/62202061_458802944868636_6743941061015502848_n-768x802.jpg 768w\" sizes=\"auto, (max-width: 802px) 100vw, 802px\"\/><\/p>\n<p><\/noscript> <span class=\"featured-image-caption\">Cr\u00e9dit photo : Lyes Hebbache<\/span><\/div>\n<p>Fouad Boughanem, le directeur du quotidien <em>Le Soir d\u2019Alg\u00e9rie<\/em>,\u00a0 est d\u00e9c\u00e9d\u00e9 ce mercredi 05 juin 2019 \u00e0 l\u2019\u00e2ge de 65 ans des suites d\u2019une longue maladie.<\/p>\n<div readability=\"10\">\n<p>Fouad Boughanem, fait partie des membres fondateurs du Soir d\u2019Alg\u00e9rie, dont il assure la direction depuis plusieurs ann\u00e9es.<\/p>\n<\/div>\n<p>Il sera enterr\u00e9 aujourd\u2019hui au cimeti\u00e8re de Dely Ibrahim \u00e0 Alger,\u00a0apr\u00e8s la pri\u00e8re d\u2019El Asr.<\/p>\n<p><span class=\"post-views-label\">Post Views:<\/span> <span class=\"post-views-count\">622<\/span><\/p>\n<p>Auteur: Mourad Hachid<br \/>\n<a href=\"https:\/\/www.elwatan.com\/edition\/actualite\/deces-de-fouad-boughanem-directeur-du-soir-dalgerie-05-06-2019\">Cliquez ici pour lire l&rsquo;article depuis sa source.<\/a><\/p>\n","protected":false},"excerpt":{"rendered":"<p>Cr\u00e9dit photo : Lyes Hebbache Fouad Boughanem, le directeur du quotidien Le Soir d\u2019Alg\u00e9rie,\u00a0 est d\u00e9c\u00e9d\u00e9 ce mercredi 05 juin 2019 \u00e0 l\u2019\u00e2ge de 65 ans des suites d\u2019une longue maladie. Fouad Boughanem, fait partie des membres fondateurs du Soir d\u2019Alg\u00e9rie, dont il assure la direction depuis plusieurs ann\u00e9es. Il sera enterr\u00e9 aujourd\u2019hui au cimeti\u00e8re [&hellip;]<\/p>\n","protected":false},"author":1743,"featured_media":38844,"comment_status":"closed","ping_status":"closed","sticky":false,"template":"","format":"standard","meta":{"fifu_image_url":"","fifu_image_alt":"","footnotes":""},"categories":[73,53],"tags":[],"class_list":["post-38843","post","type-post","status-publish","format-standard","has-post-thumbnail","hentry","category-actualite","category-algerie"],"_links":{"self":[{"href":"https:\/\/linitiative.ca\/International\/wp-json\/wp\/v2\/posts\/38843","targetHints":{"allow":["GET"]}}],"collection":[{"href":"https:\/\/linitiative.ca\/International\/wp-json\/wp\/v2\/posts"}],"about":[{"href":"https:\/\/linitiative.ca\/International\/wp-json\/wp\/v2\/types\/post"}],"author":[{"embeddable":true,"href":"https:\/\/linitiative.ca\/International\/wp-json\/wp\/v2\/users\/1743"}],"replies":[{"embeddable":true,"href":"https:\/\/linitiative.ca\/International\/wp-json\/wp\/v2\/comments?post=38843"}],"version-history":[{"count":0,"href":"https:\/\/linitiative.ca\/International\/wp-json\/wp\/v2\/posts\/38843\/revisions"}],"wp:featuredmedia":[{"embeddable":true,"href":"https:\/\/linitiative.ca\/International\/wp-json\/"}],"wp:attachment":[{"href":"https:\/\/linitiative.ca\/International\/wp-json\/wp\/v2\/media?parent=38843"}],"wp:term":[{"taxonomy":"category","embeddable":true,"href":"https:\/\/linitiative.ca\/International\/wp-json\/wp\/v2\/categories?post=38843"},{"taxonomy":"post_tag","embeddable":true,"href":"https:\/\/linitiative.ca\/International\/wp-json\/wp\/v2\/tags?post=38843"}],"curies":[{"name":"wp","href":"https:\/\/api.w.org\/{rel}","templated":true}]}}