{"id":38847,"date":"2019-06-05T07:33:40","date_gmt":"2019-06-05T11:33:40","guid":{"rendered":"https:\/\/linitiative.ca\/International\/msila-lancement-des-travaux-de-dedoublement-de-la-rn-60\/"},"modified":"2019-06-05T07:33:40","modified_gmt":"2019-06-05T11:33:40","slug":"msila-lancement-des-travaux-de-dedoublement-de-la-rn-60","status":"publish","type":"post","link":"https:\/\/linitiative.ca\/International\/msila-lancement-des-travaux-de-dedoublement-de-la-rn-60\/","title":{"rendered":"M&rsquo;sila: lancement des travaux de d\u00e9doublement de la RN 60"},"content":{"rendered":"<div>\n<div class=\"K2FeedImage\"><img decoding=\"async\" src=\"http:\/\/www.aps.dz\/media\/k2\/items\/cache\/6178819b9269ded06bff2c0d38596c40_S.jpg\" alt=\"M'sila: lancement des travaux de d\u00e9doublement de la RN 60\"><\/div>\n<div class=\"K2FeedIntroText\">\n<p><strong>M&rsquo;SILA &#8211; Le projet portant sur le d\u00e9doublement de la route nationale (RN) 60 dans son segment reliant la wilaya de M&rsquo;sila \u00e0 la ville de Slatna dans la wilaya de Bordj Bou Arreridj, a \u00e9t\u00e9 lanc\u00e9, a indiqu\u00e9 mercredi le directeur local des Travaux publics.<\/strong><\/p>\n<\/div>\n<div class=\"K2FeedFullText\">\n<p>Ce projet \u00ab\u00a0structurant\u00a0\u00bb pour la capitale du Hodna comprend notamment la r\u00e9alisation de l&rsquo;\u00e9vitement de la ville de Hammam Delaa. Il a \u00e9t\u00e9 confi\u00e9 \u00e0 trois entreprises pour un d\u00e9lai de r\u00e9alisation allant de 6 \u00e0 12 mois, a pr\u00e9cis\u00e9 \u00e0 l&rsquo;APS Djameleddine Bouhamed.<\/p>\n<p>La r\u00e9alisation d&rsquo;un ouvrage d&rsquo;art sur Oued Laghnem relevant de la commune de Hammam Dela\u00e2 est pris en charge par une entreprise publique \u00ab\u00a0performante\u00a0\u00bb, a-t-on soulign\u00e9.<\/p>\n<hr>\n<h3>Lire aussi:\u00a0<a href=\"http:\/\/www.aps.dz\/regions\/89346-parachevement-prochain-des-travaux-de-renforcement-de-la-rn-46-bir-naame-chaiba\" target=\"_blank\" rel=\"noopener noreferrer\">Biskra: Parach\u00e8vement prochain des travaux de renforcement de la RN Bir Na\u00e2me-Cha\u00efba<\/a><\/h3>\n<hr>\n<p>Le d\u00e9doublement de la RN 60, qui connait un trafic routier dense avec plus de 18.000 v\u00e9hicules par jour, constitue, d&rsquo;apr\u00e8s M. Bouhamed, une priorit\u00e9 de point de vue s\u00e9curit\u00e9 routi\u00e8re dans la wilaya de M&rsquo;sila, consid\u00e9r\u00e9e comme v\u00e9ritable carrefour vers les wilayas de Bordj Bou Arreridj et Bouira en passant par la localit\u00e9 de Sidi Aissa.<\/p>\n<p>Une enveloppe financi\u00e8re de pr\u00e9s de trois (3) milliards de dinars a \u00e9t\u00e9 allou\u00e9e pour ce projet, dont la r\u00e9alisation vise \u00e9galement \u00e0 r\u00e9duire le nombre d&rsquo;accidents sur ce tron\u00e7on, \u00e0 am\u00e9liorer la qualit\u00e9 de service pour les usagers de la route et \u00e0 offrir un plan de charge pour les entreprises agr\u00e9\u00e9es par le secteur des travaux publique, a-t-on relev\u00e9.<\/p>\n<\/div>\n<\/div>\n<p>Auteur:<br \/>\n<a href=\"http:\/\/www.aps.dz\/regions\/90275-m-sila-lancement-des-travaux-de-dedoublement-de-la-rn-60\">Cliquez ici pour lire l&rsquo;article depuis sa source.<\/a><\/p>\n","protected":false},"excerpt":{"rendered":"<p>M&rsquo;SILA &#8211; Le projet portant sur le d\u00e9doublement de la route nationale (RN) 60 dans son segment reliant la wilaya de M&rsquo;sila \u00e0 la ville de Slatna dans la wilaya de Bordj Bou Arreridj, a \u00e9t\u00e9 lanc\u00e9, a indiqu\u00e9 mercredi le directeur local des Travaux publics. Ce projet \u00ab\u00a0structurant\u00a0\u00bb pour la capitale du Hodna comprend [&hellip;]<\/p>\n","protected":false},"author":1790,"featured_media":38848,"comment_status":"closed","ping_status":"closed","sticky":false,"template":"","format":"standard","meta":{"fifu_image_url":"","fifu_image_alt":"","footnotes":""},"categories":[53,76],"tags":[],"class_list":["post-38847","post","type-post","status-publish","format-standard","has-post-thumbnail","hentry","category-algerie","category-regions"],"_links":{"self":[{"href":"https:\/\/linitiative.ca\/International\/wp-json\/wp\/v2\/posts\/38847","targetHints":{"allow":["GET"]}}],"collection":[{"href":"https:\/\/linitiative.ca\/International\/wp-json\/wp\/v2\/posts"}],"about":[{"href":"https:\/\/linitiative.ca\/International\/wp-json\/wp\/v2\/types\/post"}],"author":[{"embeddable":true,"href":"https:\/\/linitiative.ca\/International\/wp-json\/wp\/v2\/users\/1790"}],"replies":[{"embeddable":true,"href":"https:\/\/linitiative.ca\/International\/wp-json\/wp\/v2\/comments?post=38847"}],"version-history":[{"count":0,"href":"https:\/\/linitiative.ca\/International\/wp-json\/wp\/v2\/posts\/38847\/revisions"}],"wp:featuredmedia":[{"embeddable":true,"href":"https:\/\/linitiative.ca\/International\/wp-json\/"}],"wp:attachment":[{"href":"https:\/\/linitiative.ca\/International\/wp-json\/wp\/v2\/media?parent=38847"}],"wp:term":[{"taxonomy":"category","embeddable":true,"href":"https:\/\/linitiative.ca\/International\/wp-json\/wp\/v2\/categories?post=38847"},{"taxonomy":"post_tag","embeddable":true,"href":"https:\/\/linitiative.ca\/International\/wp-json\/wp\/v2\/tags?post=38847"}],"curies":[{"name":"wp","href":"https:\/\/api.w.org\/{rel}","templated":true}]}}