{"id":38849,"date":"2019-06-05T13:11:57","date_gmt":"2019-06-05T17:11:57","guid":{"rendered":"https:\/\/linitiative.ca\/International\/ouargla-revision-du-statut-juridique-du-projet-de-la-bande-verte\/"},"modified":"2019-06-05T13:11:57","modified_gmt":"2019-06-05T17:11:57","slug":"ouargla-revision-du-statut-juridique-du-projet-de-la-bande-verte","status":"publish","type":"post","link":"https:\/\/linitiative.ca\/International\/ouargla-revision-du-statut-juridique-du-projet-de-la-bande-verte\/","title":{"rendered":"Ouargla: r\u00e9vision du statut juridique du projet de la bande verte"},"content":{"rendered":"<div>\n<div class=\"K2FeedImage\"><img decoding=\"async\" src=\"http:\/\/www.aps.dz\/media\/k2\/items\/cache\/5a8d744669e880ba7e29d5c73658907b_S.jpg\" alt=\"Ouargla: r\u00e9vision du statut juridique du projet de la bande verte\"><\/div>\n<div class=\"K2FeedIntroText\">\n<p><strong>OUARGLA &#8211; Le statut juridique actuel du projet de la bande verte longeant une bonne partie de la RN-3 entre Ouargla et Touggourt devra \u00eatre r\u00e9vis\u00e9 afin de le d\u00e9velopper, a-t-on appris aupr\u00e8s des services de la wilaya.<\/strong><\/p>\n<\/div>\n<div class=\"K2FeedFullText\">\n<p>Les membres de l\u2019Assembl\u00e9e populaire de la wilaya d\u2019Ouargla ont soulev\u00e9, la semaine derni\u00e8re, une proposition au chef de l\u2019ex\u00e9cutif de wilaya pour revoir le<em><strong> statut juridique<\/strong><\/em> de ce projet et en\u00a0 <em><strong>transf\u00e9rer la propri\u00e9t\u00e9 de la direction des Affaires religieuses et des Wakfs \u00e0 celle des Domaines de l\u2019Etat<\/strong><\/em>, pour la r\u00e9habilitation du projet en question.\u00a0 \u00a0 \u00a0 \u00a0<\/p>\n<p>Plusieurs parties de cet ambitieux projet sylvicole ont subi une d\u00e9gradation ayant engendr\u00e9 la perte de nombreux oliviers et palmiers, mis en terre au cours des derni\u00e8res ann\u00e9es, a-t-on expliqu\u00e9.\u00a0 \u00a0 \u00a0 \u00a0 \u00a0\u00a0<\/p>\n<p>Selon la m\u00eame source, cette proc\u00e9dure sera suivie par l\u2019attribution, au titre de la concession agricole, de lots relevant du projet sur la base d\u2019un <em><strong>cahier de charges<\/strong><\/em>, et ce toujours <em><strong>dans le but de sa pr\u00e9servation et de son d\u00e9veloppement<\/strong><\/em>.\u00a0 \u00a0 \u00a0 \u00a0 \u00a0\u00a0<\/p>\n<p><em><strong>Le projet de la bande verte d\u2019Ouargla, lanc\u00e9 en 2014, s\u2019\u00e9tend de l\u2019intersection Ouargla\/ Touggourt\/ Hassi Messaoud, \u00e0 la commune d\u2019El-Hedjira.\u00a0 \u00a0 \u00a0 \u00a0 \u00a0<\/strong><\/em><\/p>\n<p>Le projet de cette bande verte a comport\u00e9 la plantation de plus de 60.000 oliviers et 11.000 palmiers, ainsi que la r\u00e9alisation de 15 bassins\u00a0 pour l\u2019abreuvage du cheptel camelin.<\/p>\n<p>\u00a0<\/p>\n<\/div>\n<\/div>\n<p>Auteur:<br \/>\n<a href=\"http:\/\/www.aps.dz\/regions\/90279-ouargla-revision-du-statut-juridique-du-projet-de-la-bande-verte\">Cliquez ici pour lire l&rsquo;article depuis sa source.<\/a><\/p>\n","protected":false},"excerpt":{"rendered":"<p>OUARGLA &#8211; Le statut juridique actuel du projet de la bande verte longeant une bonne partie de la RN-3 entre Ouargla et Touggourt devra \u00eatre r\u00e9vis\u00e9 afin de le d\u00e9velopper, a-t-on appris aupr\u00e8s des services de la wilaya. Les membres de l\u2019Assembl\u00e9e populaire de la wilaya d\u2019Ouargla ont soulev\u00e9, la semaine derni\u00e8re, une proposition au [&hellip;]<\/p>\n","protected":false},"author":1790,"featured_media":38850,"comment_status":"closed","ping_status":"closed","sticky":false,"template":"","format":"standard","meta":{"fifu_image_url":"","fifu_image_alt":"","footnotes":""},"categories":[53,76],"tags":[],"class_list":["post-38849","post","type-post","status-publish","format-standard","has-post-thumbnail","hentry","category-algerie","category-regions"],"_links":{"self":[{"href":"https:\/\/linitiative.ca\/International\/wp-json\/wp\/v2\/posts\/38849","targetHints":{"allow":["GET"]}}],"collection":[{"href":"https:\/\/linitiative.ca\/International\/wp-json\/wp\/v2\/posts"}],"about":[{"href":"https:\/\/linitiative.ca\/International\/wp-json\/wp\/v2\/types\/post"}],"author":[{"embeddable":true,"href":"https:\/\/linitiative.ca\/International\/wp-json\/wp\/v2\/users\/1790"}],"replies":[{"embeddable":true,"href":"https:\/\/linitiative.ca\/International\/wp-json\/wp\/v2\/comments?post=38849"}],"version-history":[{"count":0,"href":"https:\/\/linitiative.ca\/International\/wp-json\/wp\/v2\/posts\/38849\/revisions"}],"wp:featuredmedia":[{"embeddable":true,"href":"https:\/\/linitiative.ca\/International\/wp-json\/"}],"wp:attachment":[{"href":"https:\/\/linitiative.ca\/International\/wp-json\/wp\/v2\/media?parent=38849"}],"wp:term":[{"taxonomy":"category","embeddable":true,"href":"https:\/\/linitiative.ca\/International\/wp-json\/wp\/v2\/categories?post=38849"},{"taxonomy":"post_tag","embeddable":true,"href":"https:\/\/linitiative.ca\/International\/wp-json\/wp\/v2\/tags?post=38849"}],"curies":[{"name":"wp","href":"https:\/\/api.w.org\/{rel}","templated":true}]}}