{"id":38851,"date":"2019-06-05T13:47:39","date_gmt":"2019-06-05T17:47:39","guid":{"rendered":"https:\/\/linitiative.ca\/International\/permanence-aid-100-de-suivi-dans-la-region-de-batna\/"},"modified":"2019-06-05T13:47:39","modified_gmt":"2019-06-05T17:47:39","slug":"permanence-aid-100-de-suivi-dans-la-region-de-batna","status":"publish","type":"post","link":"https:\/\/linitiative.ca\/International\/permanence-aid-100-de-suivi-dans-la-region-de-batna\/","title":{"rendered":"Permanence A\u00efd: 100% de suivi dans la r\u00e9gion de Batna"},"content":{"rendered":"<div>\n<div class=\"K2FeedImage\"><img decoding=\"async\" src=\"http:\/\/www.aps.dz\/media\/k2\/items\/cache\/3baf6c84b91a829ece010583d79e15bc_S.jpg\" alt=\"Permanence A\u00efd: 100% de suivi dans la r\u00e9gion de Batna\"><\/div>\n<div class=\"K2FeedIntroText\">\n<p><strong>BATNA\/Permanence &#8211; Le taux de suivi des commer\u00e7ants des 6 wilayas relevant de la\u00a0DR de Batna, est de 100% au\u00a02e jour de l&rsquo;A\u00efd El Fitr .\u00a0 \u00a0 \u00a0 \u00a0 \u00a0\u00a0<\/strong><\/p>\n<\/div>\n<div class=\"K2FeedFullText\">\n<p>Le directeur r\u00e9gional du commerce de la r\u00e9gion de Batna, Brahim khidri a indiqu\u00e9 \u00e0 l\u2019APS que selon les rapports des agents de contr\u00f4le, le programme de permanence \u00e9tabli pour A\u00efd El Fitre 2019 a \u00e9t\u00e9 respect\u00e9 durant ce second jour de f\u00eate par la totalit\u00e9 des commer\u00e7ants r\u00e9quisitionn\u00e9s dans les wilayas de Constantine, Biskra, T\u00e9bessa, Khenchela et Oum El Bouaghi et Batna.\u00a0 \u00a0 \u00a0 \u00a0 \u00a0\u00a0<\/p>\n<p>Ce responsable a rappel\u00e9 qu&rsquo;outre les 99,83% de taux de suivi \u00e0 Batna, o\u00f9 un commer\u00e7ant r\u00e9quisitionn\u00e9 a manqu\u00e9 \u00e0 l\u2019appel, un taux de 100% de suivi a \u00e9t\u00e9 observ\u00e9 dans les wilayas de Constantine, Biskra, T\u00e9bessa, Khenchela et Oum El Bouaghi durant le premier jour de l&rsquo;A\u00efd.<\/p>\n<blockquote>\n<p><em><strong>Le nombre des commer\u00e7ants r\u00e9quisitionn\u00e9s pour assurer la permanence au cours des deux jours de l\u2019A\u00efd El Fitr \u00e0 travers les wilayas relevant de la direction r\u00e9gionale du commerce de la r\u00e9gion de Batna a atteint 5 112 commer\u00e7ants et op\u00e9rateurs \u00e9conomiques dont 2 104 \u00e0 Constantine, 756 \u00e0 T\u00e9bessa, 685 \u00e0 Oum El Bouaghi, 619 \u00e0 Khenchela, 577 \u00e0 Batna et 371 \u00e0 Biskra, selon la m\u00eame source.\u00a0 \u00a0 \u00a0 \u00a0 \u00a0\u00a0<\/strong><\/em><\/p>\n<\/blockquote>\n<p>Les permanences concernent entre autres les boulangeries, les commerces d\u2019alimentation g\u00e9n\u00e9rale, de fruits et l\u00e9gumes et de vente d\u2019eau min\u00e9rale.<\/p>\n<\/div>\n<\/div>\n<p>Auteur:<br \/>\n<a href=\"http:\/\/www.aps.dz\/regions\/90284-permanence-aid-100-de-suivi-dans-la-region-de-batna\">Cliquez ici pour lire l&rsquo;article depuis sa source.<\/a><\/p>\n","protected":false},"excerpt":{"rendered":"<p>BATNA\/Permanence &#8211; Le taux de suivi des commer\u00e7ants des 6 wilayas relevant de la\u00a0DR de Batna, est de 100% au\u00a02e jour de l&rsquo;A\u00efd El Fitr .\u00a0 \u00a0 \u00a0 \u00a0 \u00a0\u00a0 Le directeur r\u00e9gional du commerce de la r\u00e9gion de Batna, Brahim khidri a indiqu\u00e9 \u00e0 l\u2019APS que selon les rapports des agents de contr\u00f4le, le [&hellip;]<\/p>\n","protected":false},"author":1790,"featured_media":38852,"comment_status":"closed","ping_status":"closed","sticky":false,"template":"","format":"standard","meta":{"fifu_image_url":"","fifu_image_alt":"","footnotes":""},"categories":[53,76],"tags":[],"class_list":["post-38851","post","type-post","status-publish","format-standard","has-post-thumbnail","hentry","category-algerie","category-regions"],"_links":{"self":[{"href":"https:\/\/linitiative.ca\/International\/wp-json\/wp\/v2\/posts\/38851","targetHints":{"allow":["GET"]}}],"collection":[{"href":"https:\/\/linitiative.ca\/International\/wp-json\/wp\/v2\/posts"}],"about":[{"href":"https:\/\/linitiative.ca\/International\/wp-json\/wp\/v2\/types\/post"}],"author":[{"embeddable":true,"href":"https:\/\/linitiative.ca\/International\/wp-json\/wp\/v2\/users\/1790"}],"replies":[{"embeddable":true,"href":"https:\/\/linitiative.ca\/International\/wp-json\/wp\/v2\/comments?post=38851"}],"version-history":[{"count":0,"href":"https:\/\/linitiative.ca\/International\/wp-json\/wp\/v2\/posts\/38851\/revisions"}],"wp:featuredmedia":[{"embeddable":true,"href":"https:\/\/linitiative.ca\/International\/wp-json\/"}],"wp:attachment":[{"href":"https:\/\/linitiative.ca\/International\/wp-json\/wp\/v2\/media?parent=38851"}],"wp:term":[{"taxonomy":"category","embeddable":true,"href":"https:\/\/linitiative.ca\/International\/wp-json\/wp\/v2\/categories?post=38851"},{"taxonomy":"post_tag","embeddable":true,"href":"https:\/\/linitiative.ca\/International\/wp-json\/wp\/v2\/tags?post=38851"}],"curies":[{"name":"wp","href":"https:\/\/api.w.org\/{rel}","templated":true}]}}