{"id":38853,"date":"2019-06-05T15:14:09","date_gmt":"2019-06-05T19:14:09","guid":{"rendered":"https:\/\/linitiative.ca\/International\/international-psg-buffon-et-paris-cest-fini\/"},"modified":"2019-06-05T15:14:09","modified_gmt":"2019-06-05T19:14:09","slug":"international-psg-buffon-et-paris-cest-fini","status":"publish","type":"post","link":"https:\/\/linitiative.ca\/International\/international-psg-buffon-et-paris-cest-fini\/","title":{"rendered":"International : PSG: Buffon et Paris c\u2019est fini"},"content":{"rendered":"<div readability=\"32\">\n<p>Auteur : <span class=\"time\">mercredi 05 juin 2019 17:17<\/span><\/p>\n<\/div>\n<div id=\"post_core\" readability=\"46\">\n<p>C\u2019\u00e9tait dans l\u2019air, c\u2019est d\u00e9sormais officiel, le Paris Saint-Germain a d\u00e9cid\u00e9 de ne pas prolonger le contrat de Gianluigi Buffon, qui quittera donc la capitale fran\u00e7aise le 30 juin prochain, moins d\u2019un an seulement apr\u00e8s son arriv\u00e9e libre en provenance de la Juventus Turin, a annonc\u00e9 le club parisien ce mercredi: \u00ab\u00a0Je repars heureux d\u2019avoir v\u00e9cu cette exp\u00e9rience qui m\u2019a sans doute am\u00e9lior\u00e9 et fait grandir. Aujourd\u2019hui se termine mon aventure hors de l\u2019Italie. Je tiens \u00e0 remercier le Pr\u00e9sident Nasser Al-Khela\u00effi, l\u2019ensemble du Club et de mes co\u00e9quipiers. Je vous souhaite \u00e0 tous le meilleur, convaincu que vous \u00e9crirez tous ensemble les pages d\u2019une histoire magnifique. Ernest Hemingway a \u00e9crit qu\u2019il n\u2019existait que deux endroits au monde o\u00f9 l\u2019on puisse vivre heureux : chez soi et \u00e0 Paris. Depuis aujourd\u2019hui, cela vaudra pour moi \u00e9galement : Paris, quelque part, sera toujours un peu chez moi\u2026 Allez Paris ! Merci et bonne chance pour tout !\u00a0\u00bb, a ainsi d\u00e9clar\u00e9 le portier transalpin \u00e2g\u00e9 de 41 ans sur le site officiel du club comme rapport\u00e9 par Football.fr.<\/p>\n<p><strong>Publi\u00e9 dans :<\/strong> <span>Buffon<\/span><\/p>\n<\/div>\n<p>Auteur:<br \/>\n<a href=\"http:\/\/www.lebuteur.com\/article\/detail?titre=psg-buffon-et-paris-cest-fini&#038;id=89346&#038;utm_source=feedburner&#038;utm_medium=feed&#038;utm_campaign=Feed%3A+GalerieFArtciles+%28Les+derniers+articles++-+lebuteur.com%29\">Cliquez ici pour lire l&rsquo;article depuis sa source.<\/a><\/p>\n","protected":false},"excerpt":{"rendered":"<p>Auteur : mercredi 05 juin 2019 17:17 C\u2019\u00e9tait dans l\u2019air, c\u2019est d\u00e9sormais officiel, le Paris Saint-Germain a d\u00e9cid\u00e9 de ne pas prolonger le contrat de Gianluigi Buffon, qui quittera donc la capitale fran\u00e7aise le 30 juin prochain, moins d\u2019un an seulement apr\u00e8s son arriv\u00e9e libre en provenance de la Juventus Turin, a annonc\u00e9 le club [&hellip;]<\/p>\n","protected":false},"author":1738,"featured_media":38854,"comment_status":"closed","ping_status":"closed","sticky":false,"template":"","format":"standard","meta":{"fifu_image_url":"","fifu_image_alt":"","footnotes":""},"categories":[53,75],"tags":[],"class_list":["post-38853","post","type-post","status-publish","format-standard","has-post-thumbnail","hentry","category-algerie","category-sport"],"_links":{"self":[{"href":"https:\/\/linitiative.ca\/International\/wp-json\/wp\/v2\/posts\/38853","targetHints":{"allow":["GET"]}}],"collection":[{"href":"https:\/\/linitiative.ca\/International\/wp-json\/wp\/v2\/posts"}],"about":[{"href":"https:\/\/linitiative.ca\/International\/wp-json\/wp\/v2\/types\/post"}],"author":[{"embeddable":true,"href":"https:\/\/linitiative.ca\/International\/wp-json\/wp\/v2\/users\/1738"}],"replies":[{"embeddable":true,"href":"https:\/\/linitiative.ca\/International\/wp-json\/wp\/v2\/comments?post=38853"}],"version-history":[{"count":0,"href":"https:\/\/linitiative.ca\/International\/wp-json\/wp\/v2\/posts\/38853\/revisions"}],"wp:featuredmedia":[{"embeddable":true,"href":"https:\/\/linitiative.ca\/International\/wp-json\/"}],"wp:attachment":[{"href":"https:\/\/linitiative.ca\/International\/wp-json\/wp\/v2\/media?parent=38853"}],"wp:term":[{"taxonomy":"category","embeddable":true,"href":"https:\/\/linitiative.ca\/International\/wp-json\/wp\/v2\/categories?post=38853"},{"taxonomy":"post_tag","embeddable":true,"href":"https:\/\/linitiative.ca\/International\/wp-json\/wp\/v2\/tags?post=38853"}],"curies":[{"name":"wp","href":"https:\/\/api.w.org\/{rel}","templated":true}]}}