{"id":38855,"date":"2019-06-05T15:14:11","date_gmt":"2019-06-05T19:14:11","guid":{"rendered":"https:\/\/linitiative.ca\/International\/afrique-officiel-la-finale-de-la-ligue-des-champions-de-la-caf-rejouee\/"},"modified":"2019-06-05T15:14:11","modified_gmt":"2019-06-05T19:14:11","slug":"afrique-officiel-la-finale-de-la-ligue-des-champions-de-la-caf-rejouee","status":"publish","type":"post","link":"https:\/\/linitiative.ca\/International\/afrique-officiel-la-finale-de-la-ligue-des-champions-de-la-caf-rejouee\/","title":{"rendered":"Afrique : Officiel : la finale de la Ligue des champions de la CAF rejou\u00e9e !"},"content":{"rendered":"<div readability=\"32\">\n<p>Auteur : <span class=\"time\">mercredi 05 juin 2019 19:51<\/span><\/p>\n<\/div>\n<div id=\"post_core\" readability=\"48\">\n<p>Nouveau coup de tonnerre sur le football africain ! La finale retour de la Ligue des champions de la CAF 2018\/19, disput\u00e9e entre l\u2019Esp\u00e9rance Tunis et le Wydad Casablanca, qui avait \u00e9t\u00e9 interrompue pour cause de d\u00e9faillance du VAR, va \u00eatre rejou\u00e9e, sur terrain neutre, apr\u00e8s la CAN, qui aura lieu en Egypte du 21 juin au 19 juillet, a annonc\u00e9 l\u2019Esp\u00e9rance de Tunis, alors que la CAF avait r\u00e9uni un communiqu\u00e9 ex\u00e9cutif d\u2019urgence. C\u2019est d\u2019ailleurs sur le sol \u00e9gyptien que la rencontre devrait \u00eatre rejou\u00e9e. Apr\u00e8s s\u2019\u00eatre s\u00e9par\u00e9s sur un match nul au Maroc, \u00e0 l\u2019occasion de la finale aller (1-1), les deux formations s\u2019\u00e9taient retrouv\u00e9es \u00e0 Rad\u00e8s pour en d\u00e9coudre. Men\u00e9 1-0, le Wydad s\u2019\u00e9tait vu refuser un but pour une position de hors-jeu inexistante. L\u2019arbitre de la rencontre n\u2019avait alors pas fait appel \u00e0 l\u2019arbitrage vid\u00e9o, pr\u00e9cisant qu\u2019il ne fonctionnait pas. Les joueurs du WAC avaient refus\u00e9 de reprendre la partie et la rencontre avait alors \u00e9t\u00e9 interrompue, jusqu\u2019\u00e0 ce que les officiels ne d\u00e9cident de mettre un terme d\u00e9finitif au match et de titrer le club tunisien rapporte Foot Mercato.<\/p>\n<p><strong>Publi\u00e9 dans :<\/strong> <span>est<\/span> <span>WAC<\/span><\/p>\n<\/div>\n<p>Auteur:<br \/>\n<a href=\"http:\/\/www.lebuteur.com\/article\/detail?titre=officiel-la-finale-de-la-ligue-des-champions-de-la-caf-rejouee&#038;id=89347&#038;utm_source=feedburner&#038;utm_medium=feed&#038;utm_campaign=Feed%3A+GalerieFArtciles+%28Les+derniers+articles++-+lebuteur.com%29\">Cliquez ici pour lire l&rsquo;article depuis sa source.<\/a><\/p>\n","protected":false},"excerpt":{"rendered":"<p>Auteur : mercredi 05 juin 2019 19:51 Nouveau coup de tonnerre sur le football africain ! La finale retour de la Ligue des champions de la CAF 2018\/19, disput\u00e9e entre l\u2019Esp\u00e9rance Tunis et le Wydad Casablanca, qui avait \u00e9t\u00e9 interrompue pour cause de d\u00e9faillance du VAR, va \u00eatre rejou\u00e9e, sur terrain neutre, apr\u00e8s la CAN, [&hellip;]<\/p>\n","protected":false},"author":1738,"featured_media":38856,"comment_status":"closed","ping_status":"closed","sticky":false,"template":"","format":"standard","meta":{"fifu_image_url":"","fifu_image_alt":"","footnotes":""},"categories":[53,75],"tags":[],"class_list":["post-38855","post","type-post","status-publish","format-standard","has-post-thumbnail","hentry","category-algerie","category-sport"],"_links":{"self":[{"href":"https:\/\/linitiative.ca\/International\/wp-json\/wp\/v2\/posts\/38855","targetHints":{"allow":["GET"]}}],"collection":[{"href":"https:\/\/linitiative.ca\/International\/wp-json\/wp\/v2\/posts"}],"about":[{"href":"https:\/\/linitiative.ca\/International\/wp-json\/wp\/v2\/types\/post"}],"author":[{"embeddable":true,"href":"https:\/\/linitiative.ca\/International\/wp-json\/wp\/v2\/users\/1738"}],"replies":[{"embeddable":true,"href":"https:\/\/linitiative.ca\/International\/wp-json\/wp\/v2\/comments?post=38855"}],"version-history":[{"count":0,"href":"https:\/\/linitiative.ca\/International\/wp-json\/wp\/v2\/posts\/38855\/revisions"}],"wp:featuredmedia":[{"embeddable":true,"href":"https:\/\/linitiative.ca\/International\/wp-json\/"}],"wp:attachment":[{"href":"https:\/\/linitiative.ca\/International\/wp-json\/wp\/v2\/media?parent=38855"}],"wp:term":[{"taxonomy":"category","embeddable":true,"href":"https:\/\/linitiative.ca\/International\/wp-json\/wp\/v2\/categories?post=38855"},{"taxonomy":"post_tag","embeddable":true,"href":"https:\/\/linitiative.ca\/International\/wp-json\/wp\/v2\/tags?post=38855"}],"curies":[{"name":"wp","href":"https:\/\/api.w.org\/{rel}","templated":true}]}}