{"id":38857,"date":"2019-06-05T15:18:58","date_gmt":"2019-06-05T19:18:58","guid":{"rendered":"https:\/\/linitiative.ca\/International\/oran-dans-la-joie\/"},"modified":"2019-06-05T15:18:58","modified_gmt":"2019-06-05T19:18:58","slug":"oran-dans-la-joie","status":"publish","type":"post","link":"https:\/\/linitiative.ca\/International\/oran-dans-la-joie\/","title":{"rendered":"Oran : Dans la joie"},"content":{"rendered":"<p>Les Oranais ont pass\u00e9 la f\u00eate dans une ambiance de joie, de fraternit\u00e9 et solidarit\u00e9. Apr\u00e8s l&rsquo;accomplissement de la pri\u00e8re de l&rsquo;A\u00efd dans les diff\u00e9rentes mosqu\u00e9es de la ville, des milliers de fid\u00e8les ont \u00e9chang\u00e9 les v\u0153ux avant de rejoindre leurs familles. Et comme le veut la tradition, la premi\u00e8re matin\u00e9e est, souvent consacr\u00e9e, aux visites des proches et voisins alors que d&rsquo;autres pr\u00e9f\u00e8rent se rendent aux cimeti\u00e8res pour se recueillir sur la tombe de leurs d\u00e9funts. V\u00eatus de leurs plus beaux habits, les enfants ont investi les rues de leurs quartiers d\u00e8s les premi\u00e8res heures de la journ\u00e9e de mardi. D&rsquo;autres, accompagn\u00e9s de leurs parents, ont rendu visite \u00e0 leurs proches. Et comme chaque ann\u00e9e, le wali d&rsquo;Oran \u00e0 la t\u00eate d&rsquo;une d\u00e9l\u00e9gation compos\u00e9e d&rsquo;autorit\u00e9s locales civiles militaires, ont assist\u00e9 \u00e0 la pri\u00e8re de l&rsquo;A\u00efd \u00e0 la grande mosqu\u00e9e d&rsquo;Ibn Badis avant de se rendre \u00e0 la pouponni\u00e8re de St Hubert 1 et 2 et \u00e0 la maison d&rsquo;accueil des personnes \u00e2g\u00e9es o\u00f9 ils ont partag\u00e9 avec les pensionnaires la joie de cette f\u00eate et leur ont offert des cadeaux symboliques. Auparavant et tr\u00e8s t\u00f4t le matin, les p\u00e8res de familles se sont acquitt\u00e9s de la Zakat El Fitr destin\u00e9e aux n\u00e9cessiteux parmi les proches, les voisins et autres.<br \/>\u00a0\u00a0 \u00a0Amel S.<br \/>\u00a0<\/p>\n<p>Auteur: elmoudjahid<br \/>\n<a href=\"http:\/\/www.elmoudjahid.com\/fr\/actualites\/137722\">Cliquez ici pour lire l&rsquo;article depuis sa source.<\/a><\/p>\n","protected":false},"excerpt":{"rendered":"<p>Les Oranais ont pass\u00e9 la f\u00eate dans une ambiance de joie, de fraternit\u00e9 et solidarit\u00e9. Apr\u00e8s l&rsquo;accomplissement de la pri\u00e8re de l&rsquo;A\u00efd dans les diff\u00e9rentes mosqu\u00e9es de la ville, des milliers de fid\u00e8les ont \u00e9chang\u00e9 les v\u0153ux avant de rejoindre leurs familles. Et comme le veut la tradition, la premi\u00e8re matin\u00e9e est, souvent consacr\u00e9e, aux [&hellip;]<\/p>\n","protected":false},"author":1744,"featured_media":0,"comment_status":"closed","ping_status":"closed","sticky":false,"template":"","format":"standard","meta":{"fifu_image_url":"","fifu_image_alt":"","footnotes":""},"categories":[73,53],"tags":[],"class_list":["post-38857","post","type-post","status-publish","format-standard","hentry","category-actualite","category-algerie"],"_links":{"self":[{"href":"https:\/\/linitiative.ca\/International\/wp-json\/wp\/v2\/posts\/38857","targetHints":{"allow":["GET"]}}],"collection":[{"href":"https:\/\/linitiative.ca\/International\/wp-json\/wp\/v2\/posts"}],"about":[{"href":"https:\/\/linitiative.ca\/International\/wp-json\/wp\/v2\/types\/post"}],"author":[{"embeddable":true,"href":"https:\/\/linitiative.ca\/International\/wp-json\/wp\/v2\/users\/1744"}],"replies":[{"embeddable":true,"href":"https:\/\/linitiative.ca\/International\/wp-json\/wp\/v2\/comments?post=38857"}],"version-history":[{"count":0,"href":"https:\/\/linitiative.ca\/International\/wp-json\/wp\/v2\/posts\/38857\/revisions"}],"wp:attachment":[{"href":"https:\/\/linitiative.ca\/International\/wp-json\/wp\/v2\/media?parent=38857"}],"wp:term":[{"taxonomy":"category","embeddable":true,"href":"https:\/\/linitiative.ca\/International\/wp-json\/wp\/v2\/categories?post=38857"},{"taxonomy":"post_tag","embeddable":true,"href":"https:\/\/linitiative.ca\/International\/wp-json\/wp\/v2\/tags?post=38857"}],"curies":[{"name":"wp","href":"https:\/\/api.w.org\/{rel}","templated":true}]}}