{"id":38860,"date":"2019-06-05T15:19:04","date_gmt":"2019-06-05T19:19:04","guid":{"rendered":"https:\/\/linitiative.ca\/International\/bechar-atmosphere-festive\/"},"modified":"2019-06-05T15:19:04","modified_gmt":"2019-06-05T19:19:04","slug":"bechar-atmosphere-festive","status":"publish","type":"post","link":"https:\/\/linitiative.ca\/International\/bechar-atmosphere-festive\/","title":{"rendered":"B\u00e9char : Atmosph\u00e8re festive"},"content":{"rendered":"<p>La s\u00fbret\u00e9 de wilaya de B\u00e9char a r\u00e9quisitionn\u00e9 tous ses services, dans le cadre d&rsquo;un imposant dispositif, visant essentiellement \u00e0 garantir la protection des biens et la s\u00e9curit\u00e9 des citoyens, ainsi que la r\u00e9gulation efficace et appropri\u00e9e de la circulation routi\u00e8re, lorsque l&rsquo;on sait notamment, qu&rsquo;en pareille circonstance et compte tenu de l&rsquo;\u00e9tat actuel des routes, \u00e0 travers tous les quartiers de la ville, qui subissent d&rsquo;\u00e9ternels travaux, le d\u00e9placement des personnes risquent de conna\u00eetre une multitude d\u2019embouteillages.<br \/>Tous les moyens humains et logistiques, allant des patrouilles mobiles aux points de contr\u00f4le, en passant par les patrouilles motoris\u00e9es et p\u00e9destres (en tenue officielle ou en civil) sont r\u00e9quisitionn\u00e9es pour cette op\u00e9ration, dont l&rsquo;objectif, rappelons-le, reste la garantie de la qui\u00e9tude et de la protection de tous les citoyens, durant la c\u00e9l\u00e9bration de cette f\u00eate religieuse. Une occupation totale du terrain, dans une atmosph\u00e8re festive, alors qu&rsquo;il est recommand\u00e9 aux usagers de la route, de respecter le code de la route tout en \u00e9vitant les exc\u00e8s de vitesse, souvent tentant en cette p\u00e9riode.<br \/>Les num\u00e9ros verts 17 et 104 demeurent au service de tout un chacun, en cas de demande d&rsquo;intervention ou d&rsquo;informations aupr\u00e8s de ce corps de s\u00e9curit\u00e9, habitu\u00e9 \u00e0 tant d&rsquo;efficience en mati\u00e8re d&rsquo;activit\u00e9s de proximit\u00e9.<br \/>\u00a0\u00a0\u00a0 R. Bezza<\/p>\n<p>Auteur: elmoudjahid<br \/>\n<a href=\"http:\/\/www.elmoudjahid.com\/fr\/actualites\/137725\">Cliquez ici pour lire l&rsquo;article depuis sa source.<\/a><\/p>\n","protected":false},"excerpt":{"rendered":"<p>La s\u00fbret\u00e9 de wilaya de B\u00e9char a r\u00e9quisitionn\u00e9 tous ses services, dans le cadre d&rsquo;un imposant dispositif, visant essentiellement \u00e0 garantir la protection des biens et la s\u00e9curit\u00e9 des citoyens, ainsi que la r\u00e9gulation efficace et appropri\u00e9e de la circulation routi\u00e8re, lorsque l&rsquo;on sait notamment, qu&rsquo;en pareille circonstance et compte tenu de l&rsquo;\u00e9tat actuel des [&hellip;]<\/p>\n","protected":false},"author":1744,"featured_media":0,"comment_status":"closed","ping_status":"closed","sticky":false,"template":"","format":"standard","meta":{"fifu_image_url":"","fifu_image_alt":"","footnotes":""},"categories":[73,53],"tags":[],"class_list":["post-38860","post","type-post","status-publish","format-standard","hentry","category-actualite","category-algerie"],"_links":{"self":[{"href":"https:\/\/linitiative.ca\/International\/wp-json\/wp\/v2\/posts\/38860","targetHints":{"allow":["GET"]}}],"collection":[{"href":"https:\/\/linitiative.ca\/International\/wp-json\/wp\/v2\/posts"}],"about":[{"href":"https:\/\/linitiative.ca\/International\/wp-json\/wp\/v2\/types\/post"}],"author":[{"embeddable":true,"href":"https:\/\/linitiative.ca\/International\/wp-json\/wp\/v2\/users\/1744"}],"replies":[{"embeddable":true,"href":"https:\/\/linitiative.ca\/International\/wp-json\/wp\/v2\/comments?post=38860"}],"version-history":[{"count":0,"href":"https:\/\/linitiative.ca\/International\/wp-json\/wp\/v2\/posts\/38860\/revisions"}],"wp:attachment":[{"href":"https:\/\/linitiative.ca\/International\/wp-json\/wp\/v2\/media?parent=38860"}],"wp:term":[{"taxonomy":"category","embeddable":true,"href":"https:\/\/linitiative.ca\/International\/wp-json\/wp\/v2\/categories?post=38860"},{"taxonomy":"post_tag","embeddable":true,"href":"https:\/\/linitiative.ca\/International\/wp-json\/wp\/v2\/tags?post=38860"}],"curies":[{"name":"wp","href":"https:\/\/api.w.org\/{rel}","templated":true}]}}