{"id":38861,"date":"2019-06-05T15:19:06","date_gmt":"2019-06-05T19:19:06","guid":{"rendered":"https:\/\/linitiative.ca\/International\/sidi-bel-abbes-dans-la-solidarite\/"},"modified":"2019-06-05T15:19:06","modified_gmt":"2019-06-05T19:19:06","slug":"sidi-bel-abbes-dans-la-solidarite","status":"publish","type":"post","link":"https:\/\/linitiative.ca\/International\/sidi-bel-abbes-dans-la-solidarite\/","title":{"rendered":"Sidi Bel-Abb\u00e8s : Dans la solidarit\u00e9"},"content":{"rendered":"<p>La f\u00eate de l&rsquo;A\u00efd El Fitr a \u00e9t\u00e9 c\u00e9l\u00e9br\u00e9e \u00e0 Sidi Bel-Abb\u00e8s dans la solidarit\u00e9, surtout au vu de ces \u00e9changes et de ces visites au niveau d&rsquo;\u00e9tablissements sociaux pour partager une joie et conforter les moins favoris\u00e9s par la vie. Une intense activit\u00e9 des associations caritatives fut observ\u00e9e pour relever l&rsquo;attachement d&rsquo;une nation \u00e0 ses valeurs d&rsquo;authenticit\u00e9 et d&rsquo;union dans les \u00e9preuves. Les services du Chu Hassani Abdelkader, entre autres, furent envahis par les visiteurs venus s&rsquo;enqu\u00e9rir de l&rsquo;\u00e9tat de sant\u00e9 des patients et exprimer surtout leur affection.<br \/>Des sc\u00e8nes dignes d&rsquo;int\u00e9r\u00eat symbolisant, on ne peut mieux une convivialit\u00e9 et une complicit\u00e9, ont \u00e9t\u00e9 v\u00e9cues pour renseigner le commun des mortels sur les fondements de solidarit\u00e9 d&rsquo;une population.<br \/>Et cette solidarit\u00e9 a \u00e9t\u00e9 encore fortement exprim\u00e9e dans les r\u00e9seaux sociaux \u00e0 travers les v\u0153ux exprim\u00e9s \u00e7\u00e0 et l\u00e0 et les pens\u00e9es manifest\u00e9es pour des \u00eatres chers. Des moments forts en tol\u00e9rance \u00e9galement sont mis en \u00e9vidence rel\u00e9guant toutes les formes de pr\u00e9carit\u00e9 d&rsquo;un quotidien, ou les rancunes d&rsquo;un temps, au dernier plan. La population locale a effectivement renou\u00e9 avec ses marques et ses rep\u00e8res en cette f\u00eate ou encore cette journ\u00e9e de rupture du je\u00fbne apr\u00e8s les \u00e9normes sacrifices consentis pendant un mois en signe de fid\u00e9lit\u00e9 aux pr\u00e9ceptes de notre religion sacr\u00e9e.<br \/>Ce climat de fraternit\u00e9 ne peut \u00e9videmment occulter l&rsquo;effort fourni par les \u00e9l\u00e9ments de la protection civile par exemple et les travailleurs de quelques organismes mobilis\u00e9s en la circonstance pour assurer le service public et r\u00e9pondre aux attentes du citoyen. Un hommage fut d&rsquo;ailleurs rendu par le mouvement associatif \u00e0 ces composantes au service de la collectivit\u00e9 et de son bien-\u00eatre\u2026<br \/>\u00a0\u00a0\u00a0 A. B.<\/p>\n<p>Auteur: elmoudjahid<br \/>\n<a href=\"http:\/\/www.elmoudjahid.com\/fr\/actualites\/137726\">Cliquez ici pour lire l&rsquo;article depuis sa source.<\/a><\/p>\n","protected":false},"excerpt":{"rendered":"<p>La f\u00eate de l&rsquo;A\u00efd El Fitr a \u00e9t\u00e9 c\u00e9l\u00e9br\u00e9e \u00e0 Sidi Bel-Abb\u00e8s dans la solidarit\u00e9, surtout au vu de ces \u00e9changes et de ces visites au niveau d&rsquo;\u00e9tablissements sociaux pour partager une joie et conforter les moins favoris\u00e9s par la vie. Une intense activit\u00e9 des associations caritatives fut observ\u00e9e pour relever l&rsquo;attachement d&rsquo;une nation \u00e0 [&hellip;]<\/p>\n","protected":false},"author":1744,"featured_media":0,"comment_status":"closed","ping_status":"closed","sticky":false,"template":"","format":"standard","meta":{"fifu_image_url":"","fifu_image_alt":"","footnotes":""},"categories":[73,53],"tags":[],"class_list":["post-38861","post","type-post","status-publish","format-standard","hentry","category-actualite","category-algerie"],"_links":{"self":[{"href":"https:\/\/linitiative.ca\/International\/wp-json\/wp\/v2\/posts\/38861","targetHints":{"allow":["GET"]}}],"collection":[{"href":"https:\/\/linitiative.ca\/International\/wp-json\/wp\/v2\/posts"}],"about":[{"href":"https:\/\/linitiative.ca\/International\/wp-json\/wp\/v2\/types\/post"}],"author":[{"embeddable":true,"href":"https:\/\/linitiative.ca\/International\/wp-json\/wp\/v2\/users\/1744"}],"replies":[{"embeddable":true,"href":"https:\/\/linitiative.ca\/International\/wp-json\/wp\/v2\/comments?post=38861"}],"version-history":[{"count":0,"href":"https:\/\/linitiative.ca\/International\/wp-json\/wp\/v2\/posts\/38861\/revisions"}],"wp:attachment":[{"href":"https:\/\/linitiative.ca\/International\/wp-json\/wp\/v2\/media?parent=38861"}],"wp:term":[{"taxonomy":"category","embeddable":true,"href":"https:\/\/linitiative.ca\/International\/wp-json\/wp\/v2\/categories?post=38861"},{"taxonomy":"post_tag","embeddable":true,"href":"https:\/\/linitiative.ca\/International\/wp-json\/wp\/v2\/tags?post=38861"}],"curies":[{"name":"wp","href":"https:\/\/api.w.org\/{rel}","templated":true}]}}