{"id":38862,"date":"2019-06-05T15:19:08","date_gmt":"2019-06-05T19:19:08","guid":{"rendered":"https:\/\/linitiative.ca\/International\/fete-de-laid-el-fitr-piete-solidarite-et-serenite\/"},"modified":"2019-06-05T15:19:08","modified_gmt":"2019-06-05T19:19:08","slug":"fete-de-laid-el-fitr-piete-solidarite-et-serenite","status":"publish","type":"post","link":"https:\/\/linitiative.ca\/International\/fete-de-laid-el-fitr-piete-solidarite-et-serenite\/","title":{"rendered":"F\u00eate de l\u2019A\u00efd-El-Fitr : Pi\u00e9t\u00e9, solidarit\u00e9  et s\u00e9r\u00e9nit\u00e9"},"content":{"rendered":"<p>Le chef de l&rsquo;Etat, Abdelkader Bensalah, a accompli mardi matin la pri\u00e8re de l&rsquo;A\u00efd El Fitr, \u00e0 la Grande mosqu\u00e9e d&rsquo;Alger, dans un climat de pi\u00e9t\u00e9 et de s\u00e9r\u00e9nit\u00e9. Ont \u00e9galement accompli la pri\u00e8re, aux c\u00f4t\u00e9s du chef de l&rsquo;Etat, le pr\u00e9sident du Conseil constitutionnel, Kamel Fenniche, le pr\u00e9sident par int\u00e9rim du Conseil de la Nation, Salah Goudjil, le pr\u00e9sident de l&rsquo;Assembl\u00e9e populaire nationale (APN) M. Mouad Bouchareb, le Premier ministre, Noureddine Bedoui, des membres du gouvernement, ainsi que les membres du corps diplomatique arabe et musulman accr\u00e9dit\u00e9s en Alg\u00e9rie.<br \/>A cette occasion, l&rsquo;imam a rappel\u00e9 dans ses deux pr\u00eaches, les hautes significations et valeurs de l&rsquo;A\u00efd, telle que la mis\u00e9ricorde, la tol\u00e9rance, la solidarit\u00e9 et l&rsquo;entraide entre les membres d&rsquo;une m\u00eame soci\u00e9t\u00e9, ajoutant que ce jour est un jour o\u00f9 les croyants \u00e9prouvent une joie apr\u00e8s avoir accompli le je\u00fbne du mois sacr\u00e9 de Ramadhan.<br \/>Apr\u00e8s avoir mis en exergue l&rsquo;importance de pr\u00e9server la s\u00e9curit\u00e9, de consacrer les principes de justice dans tous les domaines, de concr\u00e9tiser l&rsquo;\u00e9quit\u00e9 entre les gens, l&rsquo;imam a rappel\u00e9 que nous sommes appel\u00e9s \u00e0 concr\u00e9tiser la s\u00e9curit\u00e9 alimentaire pour les prochaines g\u00e9n\u00e9rations et \u00e0 d\u00e9velopper l&rsquo;\u00e9conomie. L&rsquo;imam a \u00e9galement appel\u00e9 au renforcement des r\u00e9f\u00e9rents religieux et national aupr\u00e8s des jeunes qui sont consid\u00e9r\u00e9s comme le garant de la formation de g\u00e9n\u00e9rations, tout en ayant pour slogan \u2018\u2018la responsabilit\u00e9 est une charge et non un honneur\u2019\u2019, et \u00e0 honorer le serment tout en \u00e9tant fonci\u00e8rement fid\u00e8les. L&rsquo;imam a relev\u00e9 que le corps de la Oumma saigne toujours, car le troisi\u00e8me Lieu-Saint de l&rsquo;Islam fait toujours l&rsquo;objet d&rsquo;une profanation perp\u00e9tr\u00e9e par les forces de l&rsquo;entit\u00e9 sioniste, exhortant \u00e0 ce propos la Oumma \u00e0 se r\u00e9veiller de son long sommeil pour lib\u00e9rer El-Qods Echarif des mains sionistes iniques. Apr\u00e8s la pri\u00e8re de l\u2019A\u00efd, M. Bensalah a re\u00e7u les v\u0153ux des membres du gouvernement, du corps diplomatique et de nombreux fid\u00e8les.<\/p>\n<p>Auteur: elmoudjahid<br \/>\n<a href=\"http:\/\/www.elmoudjahid.com\/fr\/actualites\/137727\">Cliquez ici pour lire l&rsquo;article depuis sa source.<\/a><\/p>\n","protected":false},"excerpt":{"rendered":"<p>Le chef de l&rsquo;Etat, Abdelkader Bensalah, a accompli mardi matin la pri\u00e8re de l&rsquo;A\u00efd El Fitr, \u00e0 la Grande mosqu\u00e9e d&rsquo;Alger, dans un climat de pi\u00e9t\u00e9 et de s\u00e9r\u00e9nit\u00e9. Ont \u00e9galement accompli la pri\u00e8re, aux c\u00f4t\u00e9s du chef de l&rsquo;Etat, le pr\u00e9sident du Conseil constitutionnel, Kamel Fenniche, le pr\u00e9sident par int\u00e9rim du Conseil de la [&hellip;]<\/p>\n","protected":false},"author":1744,"featured_media":0,"comment_status":"closed","ping_status":"closed","sticky":false,"template":"","format":"standard","meta":{"fifu_image_url":"","fifu_image_alt":"","footnotes":""},"categories":[73,53],"tags":[],"class_list":["post-38862","post","type-post","status-publish","format-standard","hentry","category-actualite","category-algerie"],"_links":{"self":[{"href":"https:\/\/linitiative.ca\/International\/wp-json\/wp\/v2\/posts\/38862","targetHints":{"allow":["GET"]}}],"collection":[{"href":"https:\/\/linitiative.ca\/International\/wp-json\/wp\/v2\/posts"}],"about":[{"href":"https:\/\/linitiative.ca\/International\/wp-json\/wp\/v2\/types\/post"}],"author":[{"embeddable":true,"href":"https:\/\/linitiative.ca\/International\/wp-json\/wp\/v2\/users\/1744"}],"replies":[{"embeddable":true,"href":"https:\/\/linitiative.ca\/International\/wp-json\/wp\/v2\/comments?post=38862"}],"version-history":[{"count":0,"href":"https:\/\/linitiative.ca\/International\/wp-json\/wp\/v2\/posts\/38862\/revisions"}],"wp:attachment":[{"href":"https:\/\/linitiative.ca\/International\/wp-json\/wp\/v2\/media?parent=38862"}],"wp:term":[{"taxonomy":"category","embeddable":true,"href":"https:\/\/linitiative.ca\/International\/wp-json\/wp\/v2\/categories?post=38862"},{"taxonomy":"post_tag","embeddable":true,"href":"https:\/\/linitiative.ca\/International\/wp-json\/wp\/v2\/tags?post=38862"}],"curies":[{"name":"wp","href":"https:\/\/api.w.org\/{rel}","templated":true}]}}