{"id":38863,"date":"2019-06-05T15:19:10","date_gmt":"2019-06-05T19:19:10","guid":{"rendered":"https:\/\/linitiative.ca\/International\/elle-sest-rendue-dans-un-hopital-et-dans-un-centre-dhebergement-une-delegation-ministerielle-au-chevet-des-demunis\/"},"modified":"2019-06-05T15:19:10","modified_gmt":"2019-06-05T19:19:10","slug":"elle-sest-rendue-dans-un-hopital-et-dans-un-centre-dhebergement-une-delegation-ministerielle-au-chevet-des-demunis","status":"publish","type":"post","link":"https:\/\/linitiative.ca\/International\/elle-sest-rendue-dans-un-hopital-et-dans-un-centre-dhebergement-une-delegation-ministerielle-au-chevet-des-demunis\/","title":{"rendered":"Elle s\u2019est rendue dans un h\u00f4pital et dans un Centre d\u2019h\u00e9bergement : Une d\u00e9l\u00e9gation minist\u00e9rielle au chevet des d\u00e9munis"},"content":{"rendered":"<p>Une d\u00e9l\u00e9gation minist\u00e9rielle a rendu visite, mardi matin, aux enfants malades de l&rsquo;h\u00f4pital Djilali-Belkhencheir (Birtraria) d&rsquo;El Biar, ainsi qu&rsquo;aux pensionnaires du centre d&rsquo;h\u00e9bergement d&rsquo;urgence pour sans-abris de Dely-Ibrahim \u00e0 Alger, et ce, \u00e0 l&rsquo;occasion de la f\u00eate de l&rsquo;A\u00efd el Fitr.\u00a0 Elle \u00e9tait compos\u00e9e de la ministre de la Solidarit\u00e9 nationale, de la Famille et de la Condition de la femme, Ghania Eddalia, du ministre de la Sant\u00e9, de la Population et de la R\u00e9forme hospitali\u00e8re, Mohamed Miraoui, du wali d&rsquo;Alger, Abdelkhalek Sayouda, et des \u00e9lus locaux. C\u2019est dans la bonne humeur et la convivialit\u00e9 que la d\u00e9l\u00e9gation a proc\u00e9d\u00e9 \u00e0 la distribution de cadeaux au profit des patients de l&rsquo;h\u00f4pital de Birtraria, dessinant ainsi la joie sur les visages des petits enfants. Cette visite a permis de partager la joie de l&rsquo;A\u00efd avec ces enfants malades, qui n\u2019ont pas eu l\u2019occasion de passer ces moments de f\u00eate avec leurs familles afin de leur apporter soutien et r\u00e9confort. Ainsi qu&rsquo;avec ces cat\u00e9gories en situation difficile, dont la situation sociale ou l&rsquo;\u00e9tat de sant\u00e9 les emp\u00eachent de f\u00eater l&rsquo;A\u00efd parmi les membres de leurs familles. Les pensionnaires, parmi les personnes \u00e2g\u00e9es sans attaches familiales et qui r\u00e9sident au centre de Dely-Ibrahim, ont re\u00e7u eux aussi des cadeaux symboliques. Un geste de r\u00e9confort, fait dans l\u2019objectif d\u2019apporter la joie \u00e0 cette frange d\u00e9laiss\u00e9e de la soci\u00e9t\u00e9. La d\u00e9l\u00e9gation minist\u00e9rielle s\u2019est, dans ce contexte, longuement attard\u00e9e en discutant avec bon nombre de personnes dans une ambiance familiale conviviale qui refl\u00e8te les formes de solidarit\u00e9 et de coh\u00e9sion sociale en cette occasion religieuse. Ces moments de partage de joie de la f\u00eate de l\u2019A\u00efd avec les personnes \u00e2g\u00e9es et les pensionnaires des centres d\u2019accueil ont \u00e9galement \u00e9t\u00e9 une occasion de rappeler les efforts de l\u2019Etat pour pr\u00eater assistance \u00e0 cette frange faible de la soci\u00e9t\u00e9 en vue r\u00e9ussir sa r\u00e9int\u00e9gration sociale, bien que beaucoup reste \u00e0 faire. C\u2019est dans ce sens que la ministre de la Solidarit\u00e9 a mis en exergue, il y a quelques jours, \u00ables initiatives porteuses des bureaux de m\u00e9diation sociale et familiale ainsi que les mesures de r\u00e9int\u00e9gration sociale et familiale qui ont fini par donner leurs fruits, puisque, pas moins de 110 personnes \u00e2g\u00e9es parmi les pensionnaires des centres d\u2019h\u00e9bergement ont \u00e9t\u00e9 r\u00e9int\u00e9gr\u00e9es dans leur milieu familial durant le 1er trimestre 2019\u00bb. Pour rappel, le nombre de pensionnaires des centres a \u00e9t\u00e9 r\u00e9duit, \u00e0 la faveur des efforts d\u00e9ploy\u00e9s par le minist\u00e8re de la Solidarit\u00e9 dans ce domaine, de 1.807 pensionnaires en 2018 \u00e0 1.645 en 2019.<br \/>En marge de la c\u00e9r\u00e9monie, qui a \u00e9t\u00e9 organis\u00e9e au centre d&rsquo;h\u00e9bergement d&rsquo;urgence pour sans-abris, la ministre de la Solidarit\u00e9 et celui de la Sant\u00e9 ont salu\u00e9 l&rsquo;ensemble des travailleurs qui ont assur\u00e9 le service public, en cette journ\u00e9e de f\u00eate, ainsi que les \u00e9l\u00e9ments de l&rsquo;Arm\u00e9e nationale populaire (ANP) et l&rsquo;ensemble des corps de s\u00e9curit\u00e9, en leur pr\u00e9sentant les meilleurs v\u0153ux de sant\u00e9, de bonheur et de prosp\u00e9rit\u00e9. Pour sa part, le wali d\u2019Alger a rappel\u00e9 l\u2019attribution r\u00e9cente de neuf logements sociaux \u00e0 des familles sans-abris qui r\u00e9sidaient dans des centres d&rsquo;accueil d&rsquo;urgence et des \u00e9tablissements d&rsquo;accueil des personnes \u00e2g\u00e9es et des enfants assist\u00e9s \u00e0 Alger, et ce, dans le cadre de la prise en charge des pr\u00e9occupations de cette cat\u00e9gorie fragile, a assur\u00e9 que cette op\u00e9ration \u00abse poursuivra et concernera d&rsquo;autres familles\u00bb qui r\u00e9sident dans ces centres.<br \/>Ces actions de solidarit\u00e9 illustrent la contribution et le r\u00f4le des composantes de la soci\u00e9t\u00e9, gouvernants et gouvern\u00e9s, et refl\u00e8te les formes de solidarit\u00e9 et de coh\u00e9sion sociale avec les cat\u00e9gories d\u00e9munies et d\u00e9favoris\u00e9es. Il faut faire de ces occasions et f\u00eates une opportunit\u00e9 pour le renforcement de la solidarit\u00e9 et l&rsquo;entraide et pour la cons\u00e9cration de la coh\u00e9sion sociale entre les membres de la soci\u00e9t\u00e9, en ayant une pens\u00e9e \u00e0 l\u2019endroit de toutes les personnes qui sont dans la d\u00e9tresse, les malades et les d\u00e9sh\u00e9rit\u00e9s.<br \/>\u00a0\u00a0 \u00a0Tahar Kaidi<br \/>\u00a0<\/p>\n<p>Auteur: elmoudjahid<br \/>\n<a href=\"http:\/\/www.elmoudjahid.com\/fr\/actualites\/137728\">Cliquez ici pour lire l&rsquo;article depuis sa source.<\/a><\/p>\n","protected":false},"excerpt":{"rendered":"<p>Une d\u00e9l\u00e9gation minist\u00e9rielle a rendu visite, mardi matin, aux enfants malades de l&rsquo;h\u00f4pital Djilali-Belkhencheir (Birtraria) d&rsquo;El Biar, ainsi qu&rsquo;aux pensionnaires du centre d&rsquo;h\u00e9bergement d&rsquo;urgence pour sans-abris de Dely-Ibrahim \u00e0 Alger, et ce, \u00e0 l&rsquo;occasion de la f\u00eate de l&rsquo;A\u00efd el Fitr.\u00a0 Elle \u00e9tait compos\u00e9e de la ministre de la Solidarit\u00e9 nationale, de la Famille et [&hellip;]<\/p>\n","protected":false},"author":1744,"featured_media":0,"comment_status":"closed","ping_status":"closed","sticky":false,"template":"","format":"standard","meta":{"fifu_image_url":"","fifu_image_alt":"","footnotes":""},"categories":[73,53],"tags":[],"class_list":["post-38863","post","type-post","status-publish","format-standard","hentry","category-actualite","category-algerie"],"_links":{"self":[{"href":"https:\/\/linitiative.ca\/International\/wp-json\/wp\/v2\/posts\/38863","targetHints":{"allow":["GET"]}}],"collection":[{"href":"https:\/\/linitiative.ca\/International\/wp-json\/wp\/v2\/posts"}],"about":[{"href":"https:\/\/linitiative.ca\/International\/wp-json\/wp\/v2\/types\/post"}],"author":[{"embeddable":true,"href":"https:\/\/linitiative.ca\/International\/wp-json\/wp\/v2\/users\/1744"}],"replies":[{"embeddable":true,"href":"https:\/\/linitiative.ca\/International\/wp-json\/wp\/v2\/comments?post=38863"}],"version-history":[{"count":0,"href":"https:\/\/linitiative.ca\/International\/wp-json\/wp\/v2\/posts\/38863\/revisions"}],"wp:attachment":[{"href":"https:\/\/linitiative.ca\/International\/wp-json\/wp\/v2\/media?parent=38863"}],"wp:term":[{"taxonomy":"category","embeddable":true,"href":"https:\/\/linitiative.ca\/International\/wp-json\/wp\/v2\/categories?post=38863"},{"taxonomy":"post_tag","embeddable":true,"href":"https:\/\/linitiative.ca\/International\/wp-json\/wp\/v2\/tags?post=38863"}],"curies":[{"name":"wp","href":"https:\/\/api.w.org\/{rel}","templated":true}]}}