{"id":38864,"date":"2019-06-05T15:19:12","date_gmt":"2019-06-05T19:19:12","guid":{"rendered":"https:\/\/linitiative.ca\/International\/gendarmerie-police-et-protection-civile-assurer-la-securite\/"},"modified":"2019-06-05T15:19:12","modified_gmt":"2019-06-05T19:19:12","slug":"gendarmerie-police-et-protection-civile-assurer-la-securite","status":"publish","type":"post","link":"https:\/\/linitiative.ca\/International\/gendarmerie-police-et-protection-civile-assurer-la-securite\/","title":{"rendered":"Gendarmerie, Police et Protection civile : assurer la s\u00e9curit\u00e9"},"content":{"rendered":"<p>A l\u2019occasion des f\u00eates de l\u2019Aid El Fitr, les services de s\u00e9curit\u00e9 ont mis en place un dispositif sp\u00e9cial sur l\u2019ensemble du territoire national, comprenant une s\u00e9rie de mesures pour renforcer la s\u00e9curit\u00e9 et la qui\u00e9tude des citoyens.<br \/>Un communiqu\u00e9, rendu public r\u00e9cemment par les services de la Gendarmerie nationale, souligne que ce dispositif a \u00e9t\u00e9 adopt\u00e9 pour s\u00e9curiser les d\u00e9placements et la pr\u00e9sence des citoyens dans les lieux publics, \u00ab notamment les mosqu\u00e9es, les cimeti\u00e8res, les espaces de loisirs\u00bb et qu\u2019il intervient dans le cadre de \u00abla continuit\u00e9 de l\u2019application du dispositif mis en place durant le mois sacr\u00e9 de Ramadhan pour la protection des personnes et des biens\u00bb. Il est \u00e9galement relev\u00e9 que diff\u00e9rentes unit\u00e9s de la Gendarmerie nationale sont mobilis\u00e9es pour veiller \u00e0 la continuit\u00e9 du service d&rsquo;assistance, assurer une disponibilit\u00e9 permanente et garantir une intervention rapide en cas d\u2019urgence. Le dispositif pr\u00e9ventif a aussi \u00e9t\u00e9 appliqu\u00e9 par les unit\u00e9s dans le territoire de comp\u00e9tence, charg\u00e9es de multiplier et renforcer les patrouilles, les points de contr\u00f4le et de fouille \u00e0 l\u2019entr\u00e9e des villes, des routes, des voies express et l\u2019autoroute Est-Ouest ainsi que sur le r\u00e9seau ferroviaire, afin d&rsquo;assurer la fluidit\u00e9 de la circulation, notamment \u00e0 la fin du mois sacr\u00e9 de Ramadhan, qui conna\u00eet une densit\u00e9 de circulation ainsi qu\u2019un nombre \u00e9lev\u00e9 de voyageurs, entre les wilayas, selon les pr\u00e9cisions de la m\u00eame source. A noter, enfin, que le commandement de la Gendarmerie nationale rappelle aux citoyens le num\u00e9ro vert \u2018\u20181055\u2019\u2019 qui demeure \u00e0 leur disposition pour demander assistance et intervention, en cas de n\u00e9cessit\u00e9 ainsi que le service \u00abTarik\u00bb (via le site web, l\u2019application mobile et la page Facebook \u00abTariki\u00bb) pour s\u2019informer sur l\u2019\u00e9tat des routes, parall\u00e8lement au site des pr\u00e9plaintes \u00ab https:\/\/ppgn.mdn.dz\u00bb. La Direction g\u00e9n\u00e9rale de la S\u00fbret\u00e9 nationale (DGSN) a, elle aussi, et comme d\u2019habitude, mis en place un dispositif de s\u00e9curit\u00e9 sp\u00e9cial pour les deux jours de l\u2019A\u00efd el Fitr, au niveau de l&rsquo;ensemble des wilayas du pays. Le dispositif comprend des mesures pr\u00e9ventives n\u00e9cessaires en cette occasion. Le communiqu\u00e9 de la DGSN \u2013qui a \u00e9t\u00e9 rendu public dimanche\u2013 met l\u2019accent notamment sur le fait que ce dispositif porte sur la mobilisation d&rsquo;une formation s\u00e9curitaire sur terrain, comportant des patrouilles fixes et mobiles, afin de garantir la s\u00e9curit\u00e9 au niveau des places publiques, principalement les lieux connaissant une forte affluence des citoyens, \u00e0 l&rsquo;image des mosqu\u00e9es, centres de loisirs et les diff\u00e9rents centres et march\u00e9s. Parmi ces mesures figurent notamment le \u00ab renforcement de la r\u00e9gulation de la circulation routi\u00e8re par des \u00e9l\u00e9ments de police afin de garantir davantage de fluidit\u00e9 au niveau des routes principales et secondaires connaissant une intense circulation routi\u00e8re\u00bb. Il a \u00e9t\u00e9 proc\u00e9d\u00e9, dans ce cadre, au renforcement du groupement de police des transports r\u00e9partis au niveau des stations de transport, en vue de s\u00e9curiser le transport des citoyens, notamment au niveau des stations de tramways et du m\u00e9tro d&rsquo;Alger. Aussi et tout en appelant les usagers de la voie publique \u00e0 faire preuve de vigilance dans leurs d\u00e9placements, la DGSN a rappel\u00e9 le num\u00e9ro vert \u2018\u201815-48\u2019\u2019 mis \u00e0 la disposition des citoyens.<br \/>Il est \u00e0 noter dans ce cadre qu\u2019au niveau de la capitale, les services de s\u00fbret\u00e9 de la wilaya d&rsquo;Alger ont mobilis\u00e9 plus de 9.000 policiers pour \u00abassurer la s\u00e9curit\u00e9 des citoyens et de leurs biens durant les jours de l&rsquo;Aid el-Fitr et la r\u00e9gulation de la circulation routi\u00e8re\u00bb, comme annonc\u00e9 par ce m\u00eame corps de s\u00e9curit\u00e9 via un communiqu\u00e9. La m\u00eame source pr\u00e9cise que la couverture s\u00e9curitaire s\u2019effectue notamment \u00ab \u00e0 travers le d\u00e9ploiement au niveau des march\u00e9s, des mosqu\u00e9es, des cimeti\u00e8res, des lieux et places publics, des lieux de loisirs et des gares routi\u00e8res et ferroviaires, en sus des m\u00e9tro et tramway qui connaissent une forte affluence de citoyens durant ces journ\u00e9es, et ce, pour assurer la s\u00e9curit\u00e9 de ces points, ainsi qu&rsquo;une pr\u00e9sence permanente des forces de police sur le terrain\u00bb. La mobilisation des agents de police au niveau de la capitale, en ces jours de f\u00eate, a \u00e9galement concern\u00e9 \u00ables jardins publics et lieux d&rsquo;attraction qui connaissent une forte affluence de citoyens et un grand nombre de familles, notamment en soir\u00e9e, pour prendre une bouff\u00e9e d&rsquo;oxyg\u00e8ne\u00bb, comme soulign\u00e9 par le communiqu\u00e9, qui ajoute : \u00ab Pr\u00e9sents \u00e9galement sur le terrain, des policiers en civil se chargeront, eux, de faire face \u00e0 toute atteinte aux personnes et aux biens, tandis que des patrouilles p\u00e9destres et motoris\u00e9es s&#8217;emploieront \u00e0 la s\u00e9curisation des grands axes et art\u00e8res\u00bb.<br \/>L\u2019on apprend par ailleurs que l\u2019ensemble des personnels de la protection civile est rest\u00e9 mobilis\u00e9 pendant les f\u00eates de l\u2019A\u00efd el-Fitr el Moubarak. Un communiqu\u00e9 qui a \u00e9t\u00e9 rendu public par la DGPC a, d\u2019autre part, rappel\u00e9 aux parents toute l\u2019importance et l\u2019imp\u00e9rieuse n\u00e9cessit\u00e9 d\u2019adopter \u00ab un maximum de prudence\u00bb, en raison de la dangerosit\u00e9 \u00e9ventuelle des jouets offerts \u00e0 nos ch\u00e9rubins en cette occasion.<br \/>\u00a0Soraya Guemmouri<\/p>\n<p>Auteur: elmoudjahid<br \/>\n<a href=\"http:\/\/www.elmoudjahid.com\/fr\/actualites\/137729\">Cliquez ici pour lire l&rsquo;article depuis sa source.<\/a><\/p>\n","protected":false},"excerpt":{"rendered":"<p>A l\u2019occasion des f\u00eates de l\u2019Aid El Fitr, les services de s\u00e9curit\u00e9 ont mis en place un dispositif sp\u00e9cial sur l\u2019ensemble du territoire national, comprenant une s\u00e9rie de mesures pour renforcer la s\u00e9curit\u00e9 et la qui\u00e9tude des citoyens.Un communiqu\u00e9, rendu public r\u00e9cemment par les services de la Gendarmerie nationale, souligne que ce dispositif a \u00e9t\u00e9 [&hellip;]<\/p>\n","protected":false},"author":1744,"featured_media":0,"comment_status":"closed","ping_status":"closed","sticky":false,"template":"","format":"standard","meta":{"fifu_image_url":"","fifu_image_alt":"","footnotes":""},"categories":[73,53],"tags":[],"class_list":["post-38864","post","type-post","status-publish","format-standard","hentry","category-actualite","category-algerie"],"_links":{"self":[{"href":"https:\/\/linitiative.ca\/International\/wp-json\/wp\/v2\/posts\/38864","targetHints":{"allow":["GET"]}}],"collection":[{"href":"https:\/\/linitiative.ca\/International\/wp-json\/wp\/v2\/posts"}],"about":[{"href":"https:\/\/linitiative.ca\/International\/wp-json\/wp\/v2\/types\/post"}],"author":[{"embeddable":true,"href":"https:\/\/linitiative.ca\/International\/wp-json\/wp\/v2\/users\/1744"}],"replies":[{"embeddable":true,"href":"https:\/\/linitiative.ca\/International\/wp-json\/wp\/v2\/comments?post=38864"}],"version-history":[{"count":0,"href":"https:\/\/linitiative.ca\/International\/wp-json\/wp\/v2\/posts\/38864\/revisions"}],"wp:attachment":[{"href":"https:\/\/linitiative.ca\/International\/wp-json\/wp\/v2\/media?parent=38864"}],"wp:term":[{"taxonomy":"category","embeddable":true,"href":"https:\/\/linitiative.ca\/International\/wp-json\/wp\/v2\/categories?post=38864"},{"taxonomy":"post_tag","embeddable":true,"href":"https:\/\/linitiative.ca\/International\/wp-json\/wp\/v2\/tags?post=38864"}],"curies":[{"name":"wp","href":"https:\/\/api.w.org\/{rel}","templated":true}]}}