{"id":38866,"date":"2019-06-05T15:19:17","date_gmt":"2019-06-05T19:19:17","guid":{"rendered":"https:\/\/linitiative.ca\/International\/constantine-extension-de-la-ligne-de-tramway\/"},"modified":"2019-06-05T15:19:17","modified_gmt":"2019-06-05T19:19:17","slug":"constantine-extension-de-la-ligne-de-tramway","status":"publish","type":"post","link":"https:\/\/linitiative.ca\/International\/constantine-extension-de-la-ligne-de-tramway\/","title":{"rendered":"Constantine :  Extension de la ligne de Tramway"},"content":{"rendered":"<p>Le wali de Constantine, Abdessamie Sa\u00efdoun, a proc\u00e9d\u00e9 lundi dernier, \u00e0 l\u2019inauguration de la premi\u00e8re tranche de l\u2019extension du tramway de Constantine vers Ali-Mendjeli, p\u00f4le urbain situ\u00e9 \u00e0 une vingtaine de kilom\u00e8tres de la commune du chef-lieu. C\u2019est vers les coups de 10 heures que la d\u00e9l\u00e9gation officielle, comprenant l\u2019inspecteur g\u00e9n\u00e9ral du minist\u00e8re des Travaux publics et des Transports, Boubekeur A\u00eft Abdellah, et les repr\u00e9sentants des autorit\u00e9s locales, et accompagn\u00e9e par les journalistes convi\u00e9s \u00e0 couvrir l\u2019\u00e9v\u00e8nement, a pris place dans la rame, destination la nouvelle ville, trajet qui a dur\u00e9 moins d\u2019une demi-heure, et qui, selon les d\u00e9clarations des cadres de la soci\u00e9t\u00e9 d\u2019exploitation des tramways (Setram), ne devrait pas d\u00e9passer, avec les arr\u00eats, les 40 minutes, ce qui repr\u00e9sente un gain de temps appr\u00e9ciable pour les usagers, vu que c\u2019est g\u00e9n\u00e9ralement le temps qu\u2019ils mettent \u00e0 se rendre au centre-ville de Constantine, cela sans compter les ralentissements inh\u00e9rents au dense trafic constat\u00e9 \u00e0 certaines heures de la journ\u00e9e, voire, pour ceux qui utilisent leur propre v\u00e9hicule, le temps n\u00e9cessaire pour trouver une place de stationnement, ce qui rel\u00e8ve bien souvent de la gageure. Sur place, le chef de l\u2019ex\u00e9cutif a inspect\u00e9 la station multimodale situ\u00e9e \u00e0 proximit\u00e9 du terminus provisoire Kadri Brahim. Constituant un p\u00f4le d\u2019\u00e9changes pour les voyageurs, ceux-ci pourront facilement joindre les diff\u00e9rentes unit\u00e9s de voisinage par le biais de bus ou de taxis. Il s\u2019est \u00e9galement rendu sur le chantier de la tr\u00e9mie de l\u2019entr\u00e9e d\u2019Ali-Mendjeli dont seule une partie a \u00e9t\u00e9 ouverte \u00e0 la circulation en mars dernier, et laquelle devra \u00eatre r\u00e9ceptionn\u00e9e dans les prochaines semaines. Pour rappel, ladite tranche, s\u2019\u00e9tendant sur 3,6\u00a0km de rail, comprend cinq stations\u00a0: El A\u00effour, Salah Boubnider et 19 Mars 1956, lesquelles sont plac\u00e9es de part et d\u2019autre de la ville universitaire Constantine\u00a03, 8 Mai-1945 et Kadri Brahim. Ainsi, le lin\u00e9aire global a \u00e9t\u00e9 port\u00e9 \u00e0 15,1\u00a0km, et le nombre total de stations \u00e0 14, et ce en attendant l\u2019ach\u00e8vement des travaux de la deuxi\u00e8me tranche, qui reliera la station Kadri Brahim \u00e0 l\u2019universit\u00e9 Abdelhamid Mehri-Constantine\u00a02, situ\u00e9e dans l\u2019UV\u00a017. La Setram a, par ailleurs, d\u00e9cid\u00e9 de maintenir le tarif unique des tickets (40\u00a0DA), afin de permettre aux citoyens, notamment les \u00e9tudiants, de se d\u00e9placer entre les deux villes dans des conditions id\u00e9ales.<br \/>Le transport a \u00e9t\u00e9 gratuit par tramway durant le jour de l\u2019A\u00efd, a indiqu\u00e9 le directeur\u00a0\u00a0 d\u2019exploitation de la soci\u00e9t\u00e9 gestionnaire de ce moyen de transport (Setram), Rafik Ayad.\u00a0 L\u2019initiative vise \u00e0 c\u00e9l\u00e9brer avec les citoyens l\u2019A\u00efd El Fitr et la mise en service de la ligne d\u2019extension du tramway.<br \/>Issam B.<br \/>\u00a0<\/p>\n<p>Auteur: elmoudjahid<br \/>\n<a href=\"http:\/\/www.elmoudjahid.com\/fr\/actualites\/137731\">Cliquez ici pour lire l&rsquo;article depuis sa source.<\/a><\/p>\n","protected":false},"excerpt":{"rendered":"<p>Le wali de Constantine, Abdessamie Sa\u00efdoun, a proc\u00e9d\u00e9 lundi dernier, \u00e0 l\u2019inauguration de la premi\u00e8re tranche de l\u2019extension du tramway de Constantine vers Ali-Mendjeli, p\u00f4le urbain situ\u00e9 \u00e0 une vingtaine de kilom\u00e8tres de la commune du chef-lieu. C\u2019est vers les coups de 10 heures que la d\u00e9l\u00e9gation officielle, comprenant l\u2019inspecteur g\u00e9n\u00e9ral du minist\u00e8re des Travaux [&hellip;]<\/p>\n","protected":false},"author":1744,"featured_media":0,"comment_status":"closed","ping_status":"closed","sticky":false,"template":"","format":"standard","meta":{"fifu_image_url":"","fifu_image_alt":"","footnotes":""},"categories":[73,53],"tags":[],"class_list":["post-38866","post","type-post","status-publish","format-standard","hentry","category-actualite","category-algerie"],"_links":{"self":[{"href":"https:\/\/linitiative.ca\/International\/wp-json\/wp\/v2\/posts\/38866","targetHints":{"allow":["GET"]}}],"collection":[{"href":"https:\/\/linitiative.ca\/International\/wp-json\/wp\/v2\/posts"}],"about":[{"href":"https:\/\/linitiative.ca\/International\/wp-json\/wp\/v2\/types\/post"}],"author":[{"embeddable":true,"href":"https:\/\/linitiative.ca\/International\/wp-json\/wp\/v2\/users\/1744"}],"replies":[{"embeddable":true,"href":"https:\/\/linitiative.ca\/International\/wp-json\/wp\/v2\/comments?post=38866"}],"version-history":[{"count":0,"href":"https:\/\/linitiative.ca\/International\/wp-json\/wp\/v2\/posts\/38866\/revisions"}],"wp:attachment":[{"href":"https:\/\/linitiative.ca\/International\/wp-json\/wp\/v2\/media?parent=38866"}],"wp:term":[{"taxonomy":"category","embeddable":true,"href":"https:\/\/linitiative.ca\/International\/wp-json\/wp\/v2\/categories?post=38866"},{"taxonomy":"post_tag","embeddable":true,"href":"https:\/\/linitiative.ca\/International\/wp-json\/wp\/v2\/tags?post=38866"}],"curies":[{"name":"wp","href":"https:\/\/api.w.org\/{rel}","templated":true}]}}