{"id":38867,"date":"2019-06-05T07:26:18","date_gmt":"2019-06-05T11:26:18","guid":{"rendered":"https:\/\/linitiative.ca\/International\/90273-coupe-d-algerie-finale-la-vente-des-billets-pour-le-crb-decalee-a-jeudi\/"},"modified":"2019-06-05T07:26:18","modified_gmt":"2019-06-05T11:26:18","slug":"90273-coupe-d-algerie-finale-la-vente-des-billets-pour-le-crb-decalee-a-jeudi","status":"publish","type":"post","link":"https:\/\/linitiative.ca\/International\/90273-coupe-d-algerie-finale-la-vente-des-billets-pour-le-crb-decalee-a-jeudi\/","title":{"rendered":"Coupe d&rsquo;Alg\u00e9rie (Finale): la vente des billets pour le CRB d\u00e9cal\u00e9e \u00e0 jeudi"},"content":{"rendered":"<div>\n<div class=\"K2FeedIntroText\">\n<p><strong>ALGER &#8211; La vente des billets r\u00e9serv\u00e9s aux supporters du CR Belouizdad en pr\u00e9vision de la finale de la Coupe d`Alg\u00e9rie de football, le samedi 8 juin au stade Mustapha-Tchaker de Blida (17h00), a \u00e9t\u00e9 d\u00e9cal\u00e9e \u00e0 jeudi \u00e0 partir de 10h00, a-t-on appris aupr\u00e8s du club alg\u00e9rois.<\/strong><\/p>\n<\/div>\n<div class=\"K2FeedFullText\">\n<p>La mise en vente des billets, qui aura lieu au stade du 20-Ao\u00fbt-1955, \u00e9tait initialement pr\u00e9vue \u00e0 partir de mercredi, avant d&rsquo;\u00eatre repouss\u00e9e de 24 heures.<\/p>\n<p>Chaque supporter belouizdadi aura droit \u00e0 un maximum de trois tickets, pr\u00e9cise-t-on de m\u00eame source, pour donner la chance \u00e0 un plus grand nombre de personnes de se procurer le fameux s\u00e9same et \u00e9viter aussi le ph\u00e9nom\u00e8ne du \u00ab\u00a0march\u00e9 noir\u00a0\u00bb.<\/p>\n<p>Concernant l&rsquo;autre finaliste, la JSM B\u00e9ja\u00efa, la vente des billets pour ses supporters a d\u00e9but\u00e9 mardi \u00e0 14h00 au niveau du stade de l&rsquo;Unit\u00e9 maghr\u00e9bine, rappelle-t-on.<\/p>\n<p>Rappelons que la JSMB a eu droit \u00e0 11.000 tickets au prix de 500 dinars l&rsquo;unit\u00e9, \u00e0 \u00e9galit\u00e9 avec le CRB, pour un total de 22.000 billets.<\/p>\n<p>Dans l&rsquo;objectif d&rsquo;assurer le d\u00e9placement \u00e0 Blida dans de bonnes conditions, les autorit\u00e9s locales \u00e0 B\u00e9ja\u00efa vont mobiliser deux trains et 100 bus qui seront mis \u00e0 la disposition des supporters.<\/p>\n<p>Le CRB, dont il s&rsquo;agit de la 11e finale de son histoire, s`est qualifi\u00e9 au dernier stade de la comp\u00e9tition aux d\u00e9pens du CS Constantine (aller : 0-1, retour : 2-0 a.p) alors que la JSMB, vainqueur de l&rsquo;\u00e9preuve en 2008, a pass\u00e9 l`\u00e9cueil de l&rsquo;ES S\u00e9tif (aller : 2-1, retour : 0-1).<\/p>\n<\/div>\n<p><img loading=\"lazy\" decoding=\"async\" src=\"http:\/\/feeds.feedburner.com\/~r\/aps-sport\/~4\/u7q1_6FE11s\" height=\"1\" width=\"1\" alt=\"\"><\/div>\n<p>Auteur:<br \/>\n<a href=\"http:\/\/www.aps.dz\/sport\/90273-coupe-d-algerie-finale-la-vente-des-billets-pour-le-crb-decalee-a-jeudi?utm_source=feedburner&#038;utm_medium=feed&#038;utm_campaign=Feed%3A+aps-sport+%28APS+-+SPORT%29\">Cliquez ici pour lire l&rsquo;article depuis sa source.<\/a><\/p>\n","protected":false},"excerpt":{"rendered":"<p>ALGER &#8211; La vente des billets r\u00e9serv\u00e9s aux supporters du CR Belouizdad en pr\u00e9vision de la finale de la Coupe d`Alg\u00e9rie de football, le samedi 8 juin au stade Mustapha-Tchaker de Blida (17h00), a \u00e9t\u00e9 d\u00e9cal\u00e9e \u00e0 jeudi \u00e0 partir de 10h00, a-t-on appris aupr\u00e8s du club alg\u00e9rois. La mise en vente des billets, qui [&hellip;]<\/p>\n","protected":false},"author":1790,"featured_media":0,"comment_status":"closed","ping_status":"closed","sticky":false,"template":"","format":"standard","meta":{"fifu_image_url":"","fifu_image_alt":"","footnotes":""},"categories":[53,75],"tags":[],"class_list":["post-38867","post","type-post","status-publish","format-standard","hentry","category-algerie","category-sport"],"_links":{"self":[{"href":"https:\/\/linitiative.ca\/International\/wp-json\/wp\/v2\/posts\/38867","targetHints":{"allow":["GET"]}}],"collection":[{"href":"https:\/\/linitiative.ca\/International\/wp-json\/wp\/v2\/posts"}],"about":[{"href":"https:\/\/linitiative.ca\/International\/wp-json\/wp\/v2\/types\/post"}],"author":[{"embeddable":true,"href":"https:\/\/linitiative.ca\/International\/wp-json\/wp\/v2\/users\/1790"}],"replies":[{"embeddable":true,"href":"https:\/\/linitiative.ca\/International\/wp-json\/wp\/v2\/comments?post=38867"}],"version-history":[{"count":0,"href":"https:\/\/linitiative.ca\/International\/wp-json\/wp\/v2\/posts\/38867\/revisions"}],"wp:attachment":[{"href":"https:\/\/linitiative.ca\/International\/wp-json\/wp\/v2\/media?parent=38867"}],"wp:term":[{"taxonomy":"category","embeddable":true,"href":"https:\/\/linitiative.ca\/International\/wp-json\/wp\/v2\/categories?post=38867"},{"taxonomy":"post_tag","embeddable":true,"href":"https:\/\/linitiative.ca\/International\/wp-json\/wp\/v2\/tags?post=38867"}],"curies":[{"name":"wp","href":"https:\/\/api.w.org\/{rel}","templated":true}]}}