{"id":38873,"date":"2019-06-05T10:37:00","date_gmt":"2019-06-05T14:37:00","guid":{"rendered":"https:\/\/linitiative.ca\/International\/affaire-el-bouchi-mandat-de-depot-pour-lex-chef-de-la-surete-dalger\/"},"modified":"2019-06-05T10:37:00","modified_gmt":"2019-06-05T14:37:00","slug":"affaire-el-bouchi-mandat-de-depot-pour-lex-chef-de-la-surete-dalger","status":"publish","type":"post","link":"https:\/\/linitiative.ca\/International\/affaire-el-bouchi-mandat-de-depot-pour-lex-chef-de-la-surete-dalger\/","title":{"rendered":"AFFAIRE EL BOUCHI : Mandat de d\u00e9p\u00f4t pour l\u2019ex-chef de la s\u00fbret\u00e9 d\u2019Alger"},"content":{"rendered":"<p><br id=\"sep_para_1\" class=\"sep_para access\"\/><\/p>\n<div id=\"para_1\" class=\"para_31555244 resize\">\n<div class=\"photo shadow left\"><a href=\"javascript:void(0)\" rel=\"https:\/\/www.reflexiondz.net\/photo\/art\/grande\/34502912-31555244.jpg?v=1559750884&#038;ibox\" title=\"AFFAIRE EL BOUCHI : Mandat de d\u00e9p\u00f4t pour l\u2019ex-chef de la s\u00fbret\u00e9 d\u2019Alger\"><img decoding=\"async\" class=\"responsive c9\" src=\"https:\/\/www.reflexiondz.net\/photo\/art\/grande\/34502912-31555244.jpg?v=1559750884\" alt=\"AFFAIRE EL BOUCHI : Mandat de d\u00e9p\u00f4t pour l\u2019ex-chef de la s\u00fbret\u00e9 d\u2019Alger\" title=\"AFFAIRE EL BOUCHI : Mandat de d\u00e9p\u00f4t pour l\u2019ex-chef de la s\u00fbret\u00e9 d\u2019Alger\"\/><img decoding=\"async\" class=\"not-responsive\" src=\"https:\/\/www.reflexiondz.net\/photo\/art\/default\/34502912-31555244.jpg?v=1559750886\" alt=\"AFFAIRE EL BOUCHI : Mandat de d\u00e9p\u00f4t pour l\u2019ex-chef de la s\u00fbret\u00e9 d\u2019Alger\" title=\"AFFAIRE EL BOUCHI : Mandat de d\u00e9p\u00f4t pour l\u2019ex-chef de la s\u00fbret\u00e9 d\u2019Alger\"\/><\/a><\/div>\n<div class=\"texte access firstletter\">La chambre d\u2019accusation du tribunal de Blida a\u00a0 ordonn\u00e9 ce lundi 3 juin la mise sous mandat de d\u00e9p\u00f4t de Noureddine Berrachedi, dans le cadre de l\u2019enqu\u00eate men\u00e9e sur une partie des activit\u00e9s de Kamel Chikhi dit El Bouchi, a rapport\u00e9 le site bourse-dz. L\u2019ancien chef de la s\u00fbret\u00e9 de la wilaya d\u2019Alger, Noureddine Berrachedi devrait \u00eatre incarc\u00e9r\u00e9 dans les prochaines heures sur ordre de la chambre d\u2019accusation. Berrachedi a \u00e9t\u00e9 pr\u00e9sent\u00e9, il y a quelques jours devant le parquet de Blida pour son implication dans des affaires ayant trait aux activit\u00e9s d\u2019El Bouchi, sans instruction aucune de la part du parquet d\u2019Alger. Il a \u00e9t\u00e9 alors plac\u00e9 sous contr\u00f4le judiciaire.\u00a0<\/div>\n<\/div>\n<p>Auteur: Nadine<br \/>\n<a href=\"https:\/\/www.reflexiondz.net\/AFFAIRE-EL-BOUCHI-Mandat-de-depot-pour-l-ex-chef-de-la-surete-d-Alger_a56091.html\">Cliquez ici pour lire l&rsquo;article depuis sa source.<\/a><\/p>\n","protected":false},"excerpt":{"rendered":"<p>La chambre d\u2019accusation du tribunal de Blida a\u00a0 ordonn\u00e9 ce lundi 3 juin la mise sous mandat de d\u00e9p\u00f4t de Noureddine Berrachedi, dans le cadre de l\u2019enqu\u00eate men\u00e9e sur une partie des activit\u00e9s de Kamel Chikhi dit El Bouchi, a rapport\u00e9 le site bourse-dz. L\u2019ancien chef de la s\u00fbret\u00e9 de la wilaya d\u2019Alger, Noureddine Berrachedi [&hellip;]<\/p>\n","protected":false},"author":1740,"featured_media":0,"comment_status":"closed","ping_status":"closed","sticky":false,"template":"","format":"standard","meta":{"fifu_image_url":"","fifu_image_alt":"","footnotes":""},"categories":[53,76],"tags":[],"class_list":["post-38873","post","type-post","status-publish","format-standard","hentry","category-algerie","category-regions"],"_links":{"self":[{"href":"https:\/\/linitiative.ca\/International\/wp-json\/wp\/v2\/posts\/38873","targetHints":{"allow":["GET"]}}],"collection":[{"href":"https:\/\/linitiative.ca\/International\/wp-json\/wp\/v2\/posts"}],"about":[{"href":"https:\/\/linitiative.ca\/International\/wp-json\/wp\/v2\/types\/post"}],"author":[{"embeddable":true,"href":"https:\/\/linitiative.ca\/International\/wp-json\/wp\/v2\/users\/1740"}],"replies":[{"embeddable":true,"href":"https:\/\/linitiative.ca\/International\/wp-json\/wp\/v2\/comments?post=38873"}],"version-history":[{"count":0,"href":"https:\/\/linitiative.ca\/International\/wp-json\/wp\/v2\/posts\/38873\/revisions"}],"wp:attachment":[{"href":"https:\/\/linitiative.ca\/International\/wp-json\/wp\/v2\/media?parent=38873"}],"wp:term":[{"taxonomy":"category","embeddable":true,"href":"https:\/\/linitiative.ca\/International\/wp-json\/wp\/v2\/categories?post=38873"},{"taxonomy":"post_tag","embeddable":true,"href":"https:\/\/linitiative.ca\/International\/wp-json\/wp\/v2\/tags?post=38873"}],"curies":[{"name":"wp","href":"https:\/\/api.w.org\/{rel}","templated":true}]}}