{"id":38874,"date":"2019-06-05T10:37:00","date_gmt":"2019-06-05T14:37:00","guid":{"rendered":"https:\/\/linitiative.ca\/International\/priere-de-laid-el-fitr-dans-la-grande-mosquee-bouchareb-ecarte-lors-de-la-reception-des-voeux\/"},"modified":"2019-06-05T10:37:00","modified_gmt":"2019-06-05T14:37:00","slug":"priere-de-laid-el-fitr-dans-la-grande-mosquee-bouchareb-ecarte-lors-de-la-reception-des-voeux","status":"publish","type":"post","link":"https:\/\/linitiative.ca\/International\/priere-de-laid-el-fitr-dans-la-grande-mosquee-bouchareb-ecarte-lors-de-la-reception-des-voeux\/","title":{"rendered":"PRIERE DE L&rsquo;AID EL FITR DANS LA GRANDE MOSQUEE : Bouchareb \u00e9cart\u00e9 lors de la r\u00e9ception des v\u0153ux"},"content":{"rendered":"<p><br id=\"sep_para_1\" class=\"sep_para access\"\/><\/p>\n<div id=\"para_1\" class=\"para_31555238 resize\">\n<div class=\"photo shadow left\"><a href=\"javascript:void(0)\" rel=\"https:\/\/www.reflexiondz.net\/photo\/art\/grande\/34502909-31555238.jpg?v=1559750931&#038;ibox\" title=\"PRIERE DE L'AID EL FITR DANS LA GRANDE MOSQUEE : Bouchareb \u00e9cart\u00e9 lors de la r\u00e9ception des v\u0153ux\"><img decoding=\"async\" class=\"responsive c9\" src=\"https:\/\/www.reflexiondz.net\/photo\/art\/grande\/34502909-31555238.jpg?v=1559750931\" alt=\"PRIERE DE L'AID EL FITR DANS LA GRANDE MOSQUEE : Bouchareb \u00e9cart\u00e9 lors de la r\u00e9ception des v\u0153ux\" title=\"PRIERE DE L'AID EL FITR DANS LA GRANDE MOSQUEE : Bouchareb \u00e9cart\u00e9 lors de la r\u00e9ception des v\u0153ux\"\/><img decoding=\"async\" class=\"not-responsive\" src=\"https:\/\/www.reflexiondz.net\/photo\/art\/default\/34502909-31555238.jpg?v=1559750932\" alt=\"PRIERE DE L'AID EL FITR DANS LA GRANDE MOSQUEE : Bouchareb \u00e9cart\u00e9 lors de la r\u00e9ception des v\u0153ux\" title=\"PRIERE DE L'AID EL FITR DANS LA GRANDE MOSQUEE : Bouchareb \u00e9cart\u00e9 lors de la r\u00e9ception des v\u0153ux\"\/><\/a><\/div>\n<div class=\"texte access firstletter\">Alors qu\u2019il avait pri\u00e9 au premier rang, entre Noureddine Bedoui et Salah Goudjil, pr\u00e9sident du Conseil de la Nation et deuxi\u00e8me personnage de l\u2019\u00c9tat, le pr\u00e9sident de l\u2019Assembl\u00e9e populaire nationale s\u2019est vu assigner une place moins prestigieuse pour son rang lors de la r\u00e9ception des v\u0153ux par Bensalah. Deuxi\u00e8me, apr\u00e8s Goudjil, \u00e0 pr\u00e9senter ses v\u0153ux au pr\u00e9sident, Mouad Bouchareb essaie alors de se placer aux c\u00f4t\u00e9s du pr\u00e9sident du S\u00e9nat pour recevoir lui aussi les v\u0153ux des ministres et autres diplomates. C\u2019est \u00e0 cet instant qu\u2019un responsable du protocole lui demandera d\u2019un geste de la main de s\u2019\u00e9carter et de poursuivre son chemin vers la sortie. Il n\u2019est pas possible de dire avec certitude si cette mise \u00e0 l\u2019\u00e9cart de Bouchareb lors des v\u0153ux de l\u2019Aid a \u00e9t\u00e9 sciemment d\u00e9cid\u00e9e ou si elle rel\u00e8ve plut\u00f4t de consid\u00e9rations purement pratiques. Mais il est certain que le pr\u00e9sident de l\u2019APN n\u2019est plus en odeur de saintet\u00e9 au sein de son parti, le FLN dont il a perdu la direction fin avril, avant de subir une fronde au sein de la majorit\u00e9 qui r\u00e9clame son d\u00e9part de la pr\u00e9sidence de la chambre basse du parlement. Signalons qu\u2019\u00e0 l\u2019occasion de l\u2019A\u00efd el-fitr, l&rsquo;imam de la grande mosqu\u00e9e a rappel\u00e9 dans ses deux pr\u00eaches, les hautes significations et valeurs de l&rsquo;A\u00efd, telle que la mis\u00e9ricorde, la tol\u00e9rance, la solidarit\u00e9 et l&rsquo;entraide entre les membres d&rsquo;une m\u00eame soci\u00e9t\u00e9, ajoutant que ce jour est un jour o\u00f9 les croyants \u00e9prouvent une joie apr\u00e8s avoir accompli le je\u00fbne du mois sacr\u00e9 de Ramadan. Apr\u00e8s avoir mis en exergue l&rsquo;importance de pr\u00e9server la s\u00e9curit\u00e9, de consacrer les principes de justice dans tous les domaines, de concr\u00e9tiser l&rsquo;\u00e9quit\u00e9 entre les gens, l&rsquo;imam a rappel\u00e9 que nous sommes appel\u00e9s \u00e0 concr\u00e9tiser la s\u00e9curit\u00e9 alimentaire pour les prochaines g\u00e9n\u00e9rations et \u00e0 d\u00e9velopper l&rsquo;\u00e9conomie.<\/div>\n<\/div>\n<p>Auteur: Ismain<br \/>\n<a href=\"https:\/\/www.reflexiondz.net\/PRIERE-DE-L-AID-EL-FITR-DANS-LA-GRANDE-MOSQUEE-Bouchareb-ecarte-lors-de-la-reception-des-voeux_a56090.html\">Cliquez ici pour lire l&rsquo;article depuis sa source.<\/a><\/p>\n","protected":false},"excerpt":{"rendered":"<p>Alors qu\u2019il avait pri\u00e9 au premier rang, entre Noureddine Bedoui et Salah Goudjil, pr\u00e9sident du Conseil de la Nation et deuxi\u00e8me personnage de l\u2019\u00c9tat, le pr\u00e9sident de l\u2019Assembl\u00e9e populaire nationale s\u2019est vu assigner une place moins prestigieuse pour son rang lors de la r\u00e9ception des v\u0153ux par Bensalah. Deuxi\u00e8me, apr\u00e8s Goudjil, \u00e0 pr\u00e9senter ses v\u0153ux [&hellip;]<\/p>\n","protected":false},"author":1740,"featured_media":0,"comment_status":"closed","ping_status":"closed","sticky":false,"template":"","format":"standard","meta":{"fifu_image_url":"","fifu_image_alt":"","footnotes":""},"categories":[53,76],"tags":[],"class_list":["post-38874","post","type-post","status-publish","format-standard","hentry","category-algerie","category-regions"],"_links":{"self":[{"href":"https:\/\/linitiative.ca\/International\/wp-json\/wp\/v2\/posts\/38874","targetHints":{"allow":["GET"]}}],"collection":[{"href":"https:\/\/linitiative.ca\/International\/wp-json\/wp\/v2\/posts"}],"about":[{"href":"https:\/\/linitiative.ca\/International\/wp-json\/wp\/v2\/types\/post"}],"author":[{"embeddable":true,"href":"https:\/\/linitiative.ca\/International\/wp-json\/wp\/v2\/users\/1740"}],"replies":[{"embeddable":true,"href":"https:\/\/linitiative.ca\/International\/wp-json\/wp\/v2\/comments?post=38874"}],"version-history":[{"count":0,"href":"https:\/\/linitiative.ca\/International\/wp-json\/wp\/v2\/posts\/38874\/revisions"}],"wp:attachment":[{"href":"https:\/\/linitiative.ca\/International\/wp-json\/wp\/v2\/media?parent=38874"}],"wp:term":[{"taxonomy":"category","embeddable":true,"href":"https:\/\/linitiative.ca\/International\/wp-json\/wp\/v2\/categories?post=38874"},{"taxonomy":"post_tag","embeddable":true,"href":"https:\/\/linitiative.ca\/International\/wp-json\/wp\/v2\/tags?post=38874"}],"curies":[{"name":"wp","href":"https:\/\/api.w.org\/{rel}","templated":true}]}}