{"id":38875,"date":"2019-06-05T10:37:00","date_gmt":"2019-06-05T14:37:00","guid":{"rendered":"https:\/\/linitiative.ca\/International\/decouverte-macabre-a-la-cite-chtaibou-a-oran-le-squelette-dune-fille-de-8-ans-dans-un-sac-a-dos\/"},"modified":"2019-06-05T10:37:00","modified_gmt":"2019-06-05T14:37:00","slug":"decouverte-macabre-a-la-cite-chtaibou-a-oran-le-squelette-dune-fille-de-8-ans-dans-un-sac-a-dos","status":"publish","type":"post","link":"https:\/\/linitiative.ca\/International\/decouverte-macabre-a-la-cite-chtaibou-a-oran-le-squelette-dune-fille-de-8-ans-dans-un-sac-a-dos\/","title":{"rendered":"DECOUVERTE MACABRE A LA CITE \u2018\u2019CHTAIBOU\u2019\u2019 A ORAN : Le squelette d\u2019une fille de 8 ans dans un sac \u00e0 dos"},"content":{"rendered":"<p><br id=\"sep_para_1\" class=\"sep_para access\"\/><\/p>\n<div id=\"para_1\" class=\"para_31555257 resize\">\n<div class=\"photo shadow left\"><a href=\"javascript:void(0)\" rel=\"https:\/\/www.reflexiondz.net\/photo\/art\/grande\/34502921-31555257.jpg?v=1559750894&#038;ibox\" title=\"DECOUVERTE MACABRE A LA CITE \u2018\u2019CHTAIBOU\u2019\u2019 A ORAN : Le squelette d\u2019une fille de 8 ans dans un sac \u00e0 dos\"><img decoding=\"async\" class=\"responsive c9\" src=\"https:\/\/www.reflexiondz.net\/photo\/art\/grande\/34502921-31555257.jpg?v=1559750894\" alt=\"DECOUVERTE MACABRE A LA CITE \u2018\u2019CHTAIBOU\u2019\u2019 A ORAN : Le squelette d\u2019une fille de 8 ans dans un sac \u00e0 dos\" title=\"DECOUVERTE MACABRE A LA CITE \u2018\u2019CHTAIBOU\u2019\u2019 A ORAN : Le squelette d\u2019une fille de 8 ans dans un sac \u00e0 dos\"\/><img decoding=\"async\" class=\"not-responsive\" src=\"https:\/\/www.reflexiondz.net\/photo\/art\/default\/34502921-31555257.jpg?v=1559750895\" alt=\"DECOUVERTE MACABRE A LA CITE \u2018\u2019CHTAIBOU\u2019\u2019 A ORAN : Le squelette d\u2019une fille de 8 ans dans un sac \u00e0 dos\" title=\"DECOUVERTE MACABRE A LA CITE \u2018\u2019CHTAIBOU\u2019\u2019 A ORAN : Le squelette d\u2019une fille de 8 ans dans un sac \u00e0 dos\"\/><\/a><\/div>\n<div class=\"texte access firstletter\">La semaine \u00e9coul\u00e9e, une femme, habitant la cit\u00e9 El Kemil \u00e0 Oran, se fait agresser chez elle par un homme \u00e2g\u00e9 de 35 ans. Le mari absent, c\u2019est la m\u00e8re de la jeune femme qui appelle les services de S\u00fbret\u00e9. Sur place, le forcen\u00e9 est arr\u00eat\u00e9 et les policiers entreprennent d\u2019\u00e9tablir un constat des lieux. Entre temps, le mari est rentr\u00e9. Arriv\u00e9s au niveau de la chambre \u00e0 coucher, les policiers remarquent que le couple est pris de panique. Ce qui va les pousser \u00e0 entreprendre une v\u00e9rification approfondie des lieux, pensant dans un premier temps, qu\u2019il pourrait s\u2019agir de la pr\u00e9sence de drogues. Le policier qui ouvre un sac \u00e0 dos pos\u00e9 juste derri\u00e8re un meuble sera horrifi\u00e9 de ce qu\u2019il trouve \u00e0 l\u2019int\u00e9rieur : Le squelette du cadavre de ce qui semble bien \u00eatre une petite fille ! Selon ce que rapporte le site Ennahar Online, le mari r\u00e9v\u00e8le qu\u2019il s\u2019agit de la fille de sa femme, \u00e2g\u00e9e de 8 ans n\u00e9e d\u2019un premier mariage. Et qu\u2019elle est morte apr\u00e8s qu\u2019il l\u2019ait battu, l\u2019ann\u00e9e \u00e9coul\u00e9e durant le Ramadhan. Voulant cacher son crime, il l\u2019a enterr\u00e9 dans la cour de la maison qu\u2019il louait \u00e0\u00a0 la cit\u00e9 Nedjma (ex-Chtaibou). Deux jours avant la macabre d\u00e9couverte, un diff\u00e9rend avec son locataire, l\u2019a oblig\u00e9 de quitter les lieux. Il a donc d\u00e9terr\u00e9 le cadavre et l\u2019a mis dans un sac \u00e0 dos pour s\u2019en d\u00e9barrasser. Suite \u00e0 ses aveux le mis en cause a \u00e9t\u00e9 livr\u00e9 aux autorit\u00e9s Judiciaires. Il est poursuivi pour homicide. Sa femme, quant \u00e0 elle, est accus\u00e9e de non d\u00e9nonciation de crime.<\/div>\n<\/div>\n<p>Auteur: Ismain<br \/>\n<a href=\"https:\/\/www.reflexiondz.net\/DECOUVERTE-MACABRE-A-LA-CITE-CHTAIBOU-A-ORAN-Le-squelette-d-une-fille-de-8-ans-dans-un-sac-a-dos_a56093.html\">Cliquez ici pour lire l&rsquo;article depuis sa source.<\/a><\/p>\n","protected":false},"excerpt":{"rendered":"<p>La semaine \u00e9coul\u00e9e, une femme, habitant la cit\u00e9 El Kemil \u00e0 Oran, se fait agresser chez elle par un homme \u00e2g\u00e9 de 35 ans. Le mari absent, c\u2019est la m\u00e8re de la jeune femme qui appelle les services de S\u00fbret\u00e9. Sur place, le forcen\u00e9 est arr\u00eat\u00e9 et les policiers entreprennent d\u2019\u00e9tablir un constat des lieux. [&hellip;]<\/p>\n","protected":false},"author":1740,"featured_media":0,"comment_status":"closed","ping_status":"closed","sticky":false,"template":"","format":"standard","meta":{"fifu_image_url":"","fifu_image_alt":"","footnotes":""},"categories":[53,76],"tags":[],"class_list":["post-38875","post","type-post","status-publish","format-standard","hentry","category-algerie","category-regions"],"_links":{"self":[{"href":"https:\/\/linitiative.ca\/International\/wp-json\/wp\/v2\/posts\/38875","targetHints":{"allow":["GET"]}}],"collection":[{"href":"https:\/\/linitiative.ca\/International\/wp-json\/wp\/v2\/posts"}],"about":[{"href":"https:\/\/linitiative.ca\/International\/wp-json\/wp\/v2\/types\/post"}],"author":[{"embeddable":true,"href":"https:\/\/linitiative.ca\/International\/wp-json\/wp\/v2\/users\/1740"}],"replies":[{"embeddable":true,"href":"https:\/\/linitiative.ca\/International\/wp-json\/wp\/v2\/comments?post=38875"}],"version-history":[{"count":0,"href":"https:\/\/linitiative.ca\/International\/wp-json\/wp\/v2\/posts\/38875\/revisions"}],"wp:attachment":[{"href":"https:\/\/linitiative.ca\/International\/wp-json\/wp\/v2\/media?parent=38875"}],"wp:term":[{"taxonomy":"category","embeddable":true,"href":"https:\/\/linitiative.ca\/International\/wp-json\/wp\/v2\/categories?post=38875"},{"taxonomy":"post_tag","embeddable":true,"href":"https:\/\/linitiative.ca\/International\/wp-json\/wp\/v2\/tags?post=38875"}],"curies":[{"name":"wp","href":"https:\/\/api.w.org\/{rel}","templated":true}]}}