{"id":38876,"date":"2019-06-05T12:16:00","date_gmt":"2019-06-05T16:16:00","guid":{"rendered":"https:\/\/linitiative.ca\/International\/hommage-au-pr-ahmed-kassab-pionnier-de-etudes-de-geographie-en-tunisie-decede-lundi\/"},"modified":"2019-06-05T12:16:00","modified_gmt":"2019-06-05T16:16:00","slug":"hommage-au-pr-ahmed-kassab-pionnier-de-etudes-de-geographie-en-tunisie-decede-lundi","status":"publish","type":"post","link":"https:\/\/linitiative.ca\/International\/hommage-au-pr-ahmed-kassab-pionnier-de-etudes-de-geographie-en-tunisie-decede-lundi\/","title":{"rendered":"Hommage au Pr Ahmed Kassab, pionnier de \u00e9tudes de g\u00e9ographie en Tunisie, d\u00e9c\u00e9d\u00e9 lundi"},"content":{"rendered":"<p><strong>Par Tahar Bekri &#8211;<\/strong> Le Professeur Ahmed Kassab, pionnier des \u00e9tudes de g\u00e9ographie en Tunisie, s\u2019est \u00e9teint le lundi 3 juin 2019, apr\u00e8s un combat contre la maladie.<\/p>\n<p>D\u2019abord professeur d\u2019Histoire et G\u00e9ographie au Lyc\u00e9e de Sousse de 1955 \u00e0 1957, o\u00f9 il forma le premier noyau de ceux qui constitueront l\u2019\u00e9lite de la Tunisie ind\u00e9pendante, puis au Coll\u00e8ge Sadiki \u00e0 Tunis, il int\u00e8gre la Facult\u00e9 des Lettres de Tunis \u00e0 la fin des ann\u00e9es 1960 et enseigne \u00e0 l\u2019Ecole Normale de Tunis. Il prend en 1969 la direction du D\u00e9partement de g\u00e9ographie de la Facult\u00e9 des Lettres de Tunis, sollicitant des chercheurs de divers horizons afin de consolider la dynamique de recherche au sein de ce D\u00e9partement nouveau. Durant la d\u00e9cennie 1970, il fut membre du Conseil National de l\u2019Enseignement sup\u00e9rieur.<\/p>\n<p>Fondateur et premier Directeur de la Revue Tunisienne de G\u00e9ographie, de 1975 \u00e0 1995, revue class\u00e9e par l\u2019Union G\u00e9ographique Internationale parmi les 10 meilleures Revues g\u00e9ographiques du monde, il a \u00e9galement \u00e9t\u00e9 membre de plusieurs comit\u00e9s de r\u00e9daction de revues et associ\u00e9 au Programme International \u00ab\u00a0L\u2019Eau et l\u2019Homme en M\u00e9diterran\u00e9e\u00a0\u00bb (Centre de Vienne \u2013 Autriche). Membre de la Commission Nationale de l\u2019Histoire du Mouvement National (1975-1986), il est \u00e9galement membre d\u2019honneur de la Soci\u00e9t\u00e9 Fran\u00e7aise de G\u00e9ographie.<\/p>\n<p>Il est l\u2019auteur de nombreuses publications et ouvrages, dont Histoire de la Tunisie. L\u2019\u00c9poque contemporaine (1881-1956), paru en 1978 et r\u00e9\u00e9dit\u00e9 en 2010, L\u2019\u00c9volution de la vie rurale dans les r\u00e9gions de la Moyenne Medjerda et B\u00e9ja-Mateur (Th\u00e8se de Doctorat d\u2019\u00c9tat), l\u2019Agriculture tunisienne, \u00c9tudes rurales en Tunisie, G\u00e9ographie de la Tunisie. 1. Le Pays et les hommes \/ 2. Les r\u00e9gions g\u00e9ographiques de la Tunisie (en collaboration avec feu Hafedh Sethom).<\/p>\n<p>Bien qu\u2019ayant ax\u00e9 sa carri\u00e8re universitaire sur les \u00e9tudes de g\u00e9ographie rurale, et notamment sur la r\u00e9gion de la Moyenne-Medjerda (son \u00e9pouse Pr Fatma Kassab n\u00e9e B\u00e9hira, g\u00e9ographe et climatologue, est originaire du village andalou de Testour, dans cette m\u00eame r\u00e9gion), il a aussi produit des \u00e9tudes remarquables sur la colonisation agricole, les structures fonci\u00e8res pr\u00e9coloniales et le processus de d\u00e9colonisation de l\u2019agriculture en Tunisie, l\u2019am\u00e9nagement r\u00e9gional et le probl\u00e8me des ressources en eau dans notre pays, les enjeux alimentaires et la crise de l\u2019agriculture au Maghreb. Il a contribu\u00e9 \u00e0 former l\u2019Ecole de G\u00e9ographie tunisienne et les grands chercheurs qui la constituent aujourd\u2019hui. Sa rigueur extr\u00eame, son int\u00e9grit\u00e9, son fervent patriotisme et son amour du savoir ont marqu\u00e9 des g\u00e9n\u00e9rations d\u2019\u00e9tudiants.<\/p>\n<p>Qu\u2019il repose en paix.<\/p>\n<p><strong>Tahar Bekri<\/strong><\/p>\n<p class=\"MsoNormal c3\"><span class=\"c2\">\u00a0<\/span><\/p>\n<p class=\"MsoNormal c3\"><span class=\"c4\">\u00a0<\/span><\/p>\n<p>Auteur:<br \/>\n<a href=\"https:\/\/www.leaders.com.tn\/article\/27243-hommage-au-pr-ahmed-kassab-pionnier-de-etudes-de-geographie-en-tunisie-decede-lundi\">Cliquez ici pour lire l&rsquo;article depuis sa source.<\/a><\/p>\n","protected":false},"excerpt":{"rendered":"<p>Par Tahar Bekri &#8211; Le Professeur Ahmed Kassab, pionnier des \u00e9tudes de g\u00e9ographie en Tunisie, s\u2019est \u00e9teint le lundi 3 juin 2019, apr\u00e8s un combat contre la maladie. D\u2019abord professeur d\u2019Histoire et G\u00e9ographie au Lyc\u00e9e de Sousse de 1955 \u00e0 1957, o\u00f9 il forma le premier noyau de ceux qui constitueront l\u2019\u00e9lite de la Tunisie [&hellip;]<\/p>\n","protected":false},"author":1772,"featured_media":0,"comment_status":"closed","ping_status":"closed","sticky":false,"template":"","format":"standard","meta":{"fifu_image_url":"","fifu_image_alt":"","footnotes":""},"categories":[73,55],"tags":[],"class_list":["post-38876","post","type-post","status-publish","format-standard","hentry","category-actualite","category-tunisie"],"_links":{"self":[{"href":"https:\/\/linitiative.ca\/International\/wp-json\/wp\/v2\/posts\/38876","targetHints":{"allow":["GET"]}}],"collection":[{"href":"https:\/\/linitiative.ca\/International\/wp-json\/wp\/v2\/posts"}],"about":[{"href":"https:\/\/linitiative.ca\/International\/wp-json\/wp\/v2\/types\/post"}],"author":[{"embeddable":true,"href":"https:\/\/linitiative.ca\/International\/wp-json\/wp\/v2\/users\/1772"}],"replies":[{"embeddable":true,"href":"https:\/\/linitiative.ca\/International\/wp-json\/wp\/v2\/comments?post=38876"}],"version-history":[{"count":0,"href":"https:\/\/linitiative.ca\/International\/wp-json\/wp\/v2\/posts\/38876\/revisions"}],"wp:attachment":[{"href":"https:\/\/linitiative.ca\/International\/wp-json\/wp\/v2\/media?parent=38876"}],"wp:term":[{"taxonomy":"category","embeddable":true,"href":"https:\/\/linitiative.ca\/International\/wp-json\/wp\/v2\/categories?post=38876"},{"taxonomy":"post_tag","embeddable":true,"href":"https:\/\/linitiative.ca\/International\/wp-json\/wp\/v2\/tags?post=38876"}],"curies":[{"name":"wp","href":"https:\/\/api.w.org\/{rel}","templated":true}]}}