{"id":38877,"date":"2019-06-05T12:46:00","date_gmt":"2019-06-05T16:46:00","guid":{"rendered":"https:\/\/linitiative.ca\/International\/exclusif-le-conseil-dadministration-du-fmi-se-prononcera-ce-mercredi-12-juin-sur-lacces-de-la-tunisie-a-une-sixieme-tranche-de-247-millions-de-dollars\/"},"modified":"2019-06-05T12:46:00","modified_gmt":"2019-06-05T16:46:00","slug":"exclusif-le-conseil-dadministration-du-fmi-se-prononcera-ce-mercredi-12-juin-sur-lacces-de-la-tunisie-a-une-sixieme-tranche-de-247-millions-de-dollars","status":"publish","type":"post","link":"https:\/\/linitiative.ca\/International\/exclusif-le-conseil-dadministration-du-fmi-se-prononcera-ce-mercredi-12-juin-sur-lacces-de-la-tunisie-a-une-sixieme-tranche-de-247-millions-de-dollars\/","title":{"rendered":"Exclusif \u2013 Le conseil d\u2019administration du FMI se prononcera ce mercredi 12 juin sur l\u2019acc\u00e8s de la Tunisie \u00e0 une sixi\u00e8me tranche de 247 millions de dollars"},"content":{"rendered":"<p>Le conseil d\u2019administration du Fonds mon\u00e9taire international (FMI) a inscrit l\u2019examen lors de sa prochaine r\u00e9union pr\u00e9vue ce mercredi 12 juin, l\u2019accord au niveau des services sur la cinqui\u00e8me revue du programme de la Tunisie soutenu par le m\u00e9canisme \u00e9largi de cr\u00e9dit. Son approbation marquera la d\u00e9cision du Fonds de faire b\u00e9n\u00e9ficier la Tunisie d\u2019une sixi\u00e8me tranche de 177 millions de DTS (environ 247 millions US$), apprend <span class=\"c2\"><strong>Leaders<\/strong><\/span> de bonne source. \u00ab\u00a0Ceci am\u00e8nera le total des d\u00e9boursements dans le cadre du MEdC \u00e0 environ 1.6 milliards US$, et contribuera \u00e0 d\u00e9bloquer des financements suppl\u00e9mentaires de la part des autres partenaires de la Tunisie, comme l\u2019avait mentionn\u00e9 sous r\u00e9serve d\u2019approbation par le board, le communiqu\u00e9 de presse du FMI en avril dernier.<\/p>\n<p>Le d\u00e9blocage imm\u00e9diat de cette enveloppe de 247 millions de dollars constituera une bouff\u00e9e d\u2019oxyg\u00e8ne fortement attendue par Tunis. Aussi, la d\u00e9cision du FMI ouvre \u00e0 la Tunisie la voix d\u2019acc\u00e8s aux autres financement sollicit\u00e9s aupr\u00e8s d\u2019autres bailleurs de fonds multilat\u00e9raux.<\/p>\n<p class=\"c3\"><img loading=\"lazy\" decoding=\"async\" src=\"\/uploads\/FCK_files\/Chalghoum(1).jpg\" width=\"700\" height=\"427\" vspace=\"5\" hspace=\"5\" align=\"middle\" alt=\"\"\/><\/p>\n<p>Le gouverneur de la Banque centrale de Tunisie, Marouane El Abassi et le ministre des Finances, Ridha Chalghoum peuvent s\u2019en f\u00e9liciter. Ils s\u2019\u00e9taient intens\u00e9ment d\u00e9ploy\u00e9s \u00e0 Tunis, puis \u00e0 Washington DC, \u00e0 la t\u00eate de leurs \u00e9quipes pour faire aboutir les n\u00e9gociations et parvenir \u00e0 cet accord.<\/p>\n<p>A rappeler qu\u2019une \u00e9quipe des services du Fonds mon\u00e9taire international (FMI), dirig\u00e9e par Mr Bj\u00f6rn Rother a rencontr\u00e9, du 11 au 16 avril, les autorit\u00e9s tunisiennes en marge des Assembl\u00e9es de Printemps du FMI, pour discuter des politiques \u00e9conomiques envisag\u00e9es par les autorit\u00e9s dans le cadre de la cinqui\u00e8me revue du programme de r\u00e9formes \u00e9conomiques de la Tunisie soutenu par le M\u00e9canisme Elargi de Cr\u00e9dit (MEdC).<\/p>\n<p>\u00c0 l\u2019issue de ces n\u00e9gociations, M. Bj\u00f6rn Rother, chef de mission pour la Tunisie, a d\u00e9clar\u00e9 notamment : \u00ab\u00a0Nous avons eu des \u00e9changes porteurs avec les autorit\u00e9s tunisiennes \u00e0 propos des politiques \u00e9conomiques qu\u2019elles doivent engager pour stabiliser et r\u00e9former l\u2019\u00e9conomie dans les mois qui viennent, tout en tenant en compte d\u2019une situation socio-\u00e9conomique tendue et d\u2019un environnement r\u00e9gional difficile. Les autorit\u00e9s et l\u2019\u00e9quipe du FMI sont parvenus \u00e0 un accord sur les mesures de politique et de r\u00e9forme \u00e9conomiques pour faire en sorte que l\u2019objectif de d\u00e9ficit budg\u00e9taire de 3.9 % du PIB (hors dons) pour 2019 soit atteint, en tant que condition fondamentale pour contenir une dette et des besoins de financement tous deux \u00e9lev\u00e9s. En parall\u00e8le, les autorit\u00e9s sont en train de renforcer le filet de protection sociale pour les m\u00e9nages \u00e0 faible revenue, afin de les prot\u00e9ger contre les effets potentiellement d\u00e9favorables de certaines r\u00e9formes, gr\u00e2ce, \u00e9galement, \u00e0 la mise en place d\u2019une nouvelle base de donn\u00e9es sur les m\u00e9nages vuln\u00e9rables. Les politiques mon\u00e9taires et de change resteront orient\u00e9es vers une r\u00e9duction de l\u2019inflation, qui \u00e9rode le pouvoir d\u2019achat et niveau de vie de tous les Tunisiens, et vers une am\u00e9lioration continue du d\u00e9ficit \u00e9lev\u00e9 des paiements courants, au travers d\u2019une comp\u00e9titivit\u00e9-prix accrue.\u00a0\u00bb<\/p>\n<p><strong>Taoufik Habaieb<\/strong><\/p>\n<p>Auteur:<br \/>\n<a href=\"https:\/\/www.leaders.com.tn\/article\/27244-exclusif-le-conseil-d-administration-du-fmi-se-prononcera-ce-mercredi-12-juin-sur-l-acces-de-la-tunisie-a-une-sixieme-tranche-de-247-millions-de-dollars\">Cliquez ici pour lire l&rsquo;article depuis sa source.<\/a><\/p>\n","protected":false},"excerpt":{"rendered":"<p>Le conseil d\u2019administration du Fonds mon\u00e9taire international (FMI) a inscrit l\u2019examen lors de sa prochaine r\u00e9union pr\u00e9vue ce mercredi 12 juin, l\u2019accord au niveau des services sur la cinqui\u00e8me revue du programme de la Tunisie soutenu par le m\u00e9canisme \u00e9largi de cr\u00e9dit. Son approbation marquera la d\u00e9cision du Fonds de faire b\u00e9n\u00e9ficier la Tunisie d\u2019une [&hellip;]<\/p>\n","protected":false},"author":1772,"featured_media":38878,"comment_status":"closed","ping_status":"closed","sticky":false,"template":"","format":"standard","meta":{"fifu_image_url":"","fifu_image_alt":"","footnotes":""},"categories":[73,55],"tags":[],"class_list":["post-38877","post","type-post","status-publish","format-standard","has-post-thumbnail","hentry","category-actualite","category-tunisie"],"_links":{"self":[{"href":"https:\/\/linitiative.ca\/International\/wp-json\/wp\/v2\/posts\/38877","targetHints":{"allow":["GET"]}}],"collection":[{"href":"https:\/\/linitiative.ca\/International\/wp-json\/wp\/v2\/posts"}],"about":[{"href":"https:\/\/linitiative.ca\/International\/wp-json\/wp\/v2\/types\/post"}],"author":[{"embeddable":true,"href":"https:\/\/linitiative.ca\/International\/wp-json\/wp\/v2\/users\/1772"}],"replies":[{"embeddable":true,"href":"https:\/\/linitiative.ca\/International\/wp-json\/wp\/v2\/comments?post=38877"}],"version-history":[{"count":0,"href":"https:\/\/linitiative.ca\/International\/wp-json\/wp\/v2\/posts\/38877\/revisions"}],"wp:featuredmedia":[{"embeddable":true,"href":"https:\/\/linitiative.ca\/International\/wp-json\/"}],"wp:attachment":[{"href":"https:\/\/linitiative.ca\/International\/wp-json\/wp\/v2\/media?parent=38877"}],"wp:term":[{"taxonomy":"category","embeddable":true,"href":"https:\/\/linitiative.ca\/International\/wp-json\/wp\/v2\/categories?post=38877"},{"taxonomy":"post_tag","embeddable":true,"href":"https:\/\/linitiative.ca\/International\/wp-json\/wp\/v2\/tags?post=38877"}],"curies":[{"name":"wp","href":"https:\/\/api.w.org\/{rel}","templated":true}]}}