{"id":38879,"date":"2019-06-05T15:09:00","date_gmt":"2019-06-05T19:09:00","guid":{"rendered":"https:\/\/linitiative.ca\/International\/coupe-de-la-ligue-de-la-caf-la-finale-retour-sera-rejouee-sur-terrain-neutre-apres-la-can-soit-vers-la-mi-juillet\/"},"modified":"2019-06-05T15:09:00","modified_gmt":"2019-06-05T19:09:00","slug":"coupe-de-la-ligue-de-la-caf-la-finale-retour-sera-rejouee-sur-terrain-neutre-apres-la-can-soit-vers-la-mi-juillet","status":"publish","type":"post","link":"https:\/\/linitiative.ca\/International\/coupe-de-la-ligue-de-la-caf-la-finale-retour-sera-rejouee-sur-terrain-neutre-apres-la-can-soit-vers-la-mi-juillet\/","title":{"rendered":"Coupe de la Ligue de la CAF : la finale retour sera rejou\u00e9e sur terrain neutre apr\u00e8s la CAN, soit vers la mi -juillet"},"content":{"rendered":"<p class=\"MsoNormal\">Apr\u00e8s de longs conciliabules, la Caf a d\u00e9cid\u00e9 de faire rejouer la finale de la Coupe de la Ligue africaine entre l\u2019Esp\u00e9rance sportive de Tunis et El Widad apr\u00e8s la Can soit vers la mi -juillet \u00e9tant entendu qu\u2019il <span class=\"c2\">\u00a0<\/span>sera tenu compte du r\u00e9sultat du <span class=\"c2\">\u00a0<\/span>match aller \u00e0 Rabat.Lalz conf\u00e9d\u00e9ration a justifi\u00e9 sa d\u00e9cision par l&rsquo;interruption de la rencontre par \u00ab\u00a0des raisons s\u00e9curitaires\u00a0\u00bb. Ce qui est faux<\/p>\n<p class=\"MsoNormal\">Enfin il est demand\u00e9 \u00e0 l\u2019Esp\u00e9rance de restituer \u00e0 la Caf le troph\u00e9e de la coupe ainsi que les m\u00e9dailles.<\/p>\n<p>Auteur:<br \/>\n<a href=\"https:\/\/www.leaders.com.tn\/article\/27245-coupe-de-la-ligue-de-la-caf-le-match-sera-rejoue-sur-terrain-neutre-apres-la-can\">Cliquez ici pour lire l&rsquo;article depuis sa source.<\/a><\/p>\n","protected":false},"excerpt":{"rendered":"<p>Apr\u00e8s de longs conciliabules, la Caf a d\u00e9cid\u00e9 de faire rejouer la finale de la Coupe de la Ligue africaine entre l\u2019Esp\u00e9rance sportive de Tunis et El Widad apr\u00e8s la Can soit vers la mi -juillet \u00e9tant entendu qu\u2019il \u00a0sera tenu compte du r\u00e9sultat du \u00a0match aller \u00e0 Rabat.Lalz conf\u00e9d\u00e9ration a justifi\u00e9 sa d\u00e9cision par [&hellip;]<\/p>\n","protected":false},"author":1772,"featured_media":0,"comment_status":"closed","ping_status":"closed","sticky":false,"template":"","format":"standard","meta":{"fifu_image_url":"","fifu_image_alt":"","footnotes":""},"categories":[73,55],"tags":[],"class_list":["post-38879","post","type-post","status-publish","format-standard","hentry","category-actualite","category-tunisie"],"_links":{"self":[{"href":"https:\/\/linitiative.ca\/International\/wp-json\/wp\/v2\/posts\/38879","targetHints":{"allow":["GET"]}}],"collection":[{"href":"https:\/\/linitiative.ca\/International\/wp-json\/wp\/v2\/posts"}],"about":[{"href":"https:\/\/linitiative.ca\/International\/wp-json\/wp\/v2\/types\/post"}],"author":[{"embeddable":true,"href":"https:\/\/linitiative.ca\/International\/wp-json\/wp\/v2\/users\/1772"}],"replies":[{"embeddable":true,"href":"https:\/\/linitiative.ca\/International\/wp-json\/wp\/v2\/comments?post=38879"}],"version-history":[{"count":0,"href":"https:\/\/linitiative.ca\/International\/wp-json\/wp\/v2\/posts\/38879\/revisions"}],"wp:attachment":[{"href":"https:\/\/linitiative.ca\/International\/wp-json\/wp\/v2\/media?parent=38879"}],"wp:term":[{"taxonomy":"category","embeddable":true,"href":"https:\/\/linitiative.ca\/International\/wp-json\/wp\/v2\/categories?post=38879"},{"taxonomy":"post_tag","embeddable":true,"href":"https:\/\/linitiative.ca\/International\/wp-json\/wp\/v2\/tags?post=38879"}],"curies":[{"name":"wp","href":"https:\/\/api.w.org\/{rel}","templated":true}]}}