{"id":38881,"date":"2019-06-05T09:49:55","date_gmt":"2019-06-05T13:49:55","guid":{"rendered":"https:\/\/linitiative.ca\/International\/ab-sport-le-petit-poucet-marocain-qui-cotoie-les-geants-mondiaux\/"},"modified":"2019-06-05T09:49:55","modified_gmt":"2019-06-05T13:49:55","slug":"ab-sport-le-petit-poucet-marocain-qui-cotoie-les-geants-mondiaux","status":"publish","type":"post","link":"https:\/\/linitiative.ca\/International\/ab-sport-le-petit-poucet-marocain-qui-cotoie-les-geants-mondiaux\/","title":{"rendered":"AB Sport, le petit poucet marocain qui c\u00f4toie les g\u00e9ants mondiaux"},"content":{"rendered":"<p class=\"p1\">Le microcosme des affaires a d\u00e9couvert AB Sport avec la pr\u00e9sentation du maillot pour la CAN 2019 de l\u2019\u00e9quipe nationale de Mauritanie. Une tunique con\u00e7ue par l\u2019\u00e9quipementier 100% marocain, AB Sport. Qui est AB Sport ?<\/p>\n<div class=\"c10\"\/>\n<p class=\"p1\"><span class=\"s1\">E<\/span><span class=\"s1\">n devenant \u00e9quipementier d\u2019une nation participante \u00e0 la CAN 2019, AB Sport s\u2019affiche sur les maillots de l\u2019\u00e9quipe de Mauritanie de football. Malgr\u00e9 la concurrence, la F\u00e9d\u00e9ration de football de Mauritanie a choisi de faire confiance \u00e0 cette entreprise marocaine, qui leur a promis qualit\u00e9 et originalit\u00e9.<\/span><\/p>\n<p class=\"p1\"><span class=\"s1\"><em>\u00abOn a toute une \u00e9quipe de jeunes Marocains ambitieux qui ont l\u2019envie de r\u00e9ussir, et qui partagent la m\u00eame ambition que cette jeune s\u00e9lection mauritanienne qui est de progresser\u201d<\/em>, souligne Bassam El Akel, 32ans, directeur g\u00e9n\u00e9ral d\u2019AB Sport. Pourtant, la Mauritanie n\u2019est pas non plus le premier pays \u00e9tranger \u00e0 faire confiance \u00e0 AB Sport. La marque \u00e9quipe depuis la saison derni\u00e8re, le Williamsville athletic club (WAC) d\u2019Abidjan qui \u00e9volue en Ligue 1 ivoirienne.<\/span><\/p>\n<p class=\"p4\"><span class=\"s2 c11\"><strong>Tanger, le point de d\u00e9part<\/strong><\/span><\/p>\n<p class=\"p5\"><span class=\"s1\">C<\/span><span class=\"s1\">\u2019est en 2016 que la marque a vu le jour. Elle a commenc\u00e9 par approcher les diff\u00e9rentes sections du club de c\u0153ur de son directeur, l\u2019Ittihad de Tanger. <em>\u201cNous avons d\u2019abord commenc\u00e9 par \u00e9quiper les sections volley et basket de l\u2019IRT dans l\u2019objectif de prouver que notre marque \u00e9tait fiable, avant de s\u2019attaquer au march\u00e9 du football\u201d<\/em>, pr\u00e9cise Bassam El Akel.<\/span><\/p>\n<p class=\"p2\"><span class=\"s1\">Il faut dire que la bonne r\u00e9putation d\u2019AB Sport a \u00e9t\u00e9 construite en \u00e9quipant des clubs marocains de 2e et 3e division comme l\u2019Union de Temara, la Renaissance de Zemamra et le Wydad de F\u00e8s (WAF) qui a atteint la finale de la Coupe du Tr\u00f4ne 2017-2018 o\u00f9 la signature de l\u2019\u00e9quipementier marocain sur les maillots n\u2019est pas pass\u00e9e inaper\u00e7ue. L\u2019\u00e9quipementier sportif a gagn\u00e9 la confiance de la F\u00e9d\u00e9ration Royale Marocaine de Volleyball (FRMVB) pour laquelle il confectionne aujourd\u2019hui les maillots de toutes les \u00e9quipes nationales, y compris celles de beach-volley.<\/span><\/p>\n<p class=\"p2\"><span class=\"s1\">Parall\u00e8lement, AB sport habille l\u2019\u00c9toile du Nord, qui vient de s\u2019adjuger le titre de la premi\u00e8re division mauritanienne de basketball qui a \u00e9t\u00e9 la porte d\u2019entr\u00e9e d\u2019AB Sport. Pour Bassam El Akel, <em>\u00ab Nos designers ont une v\u00e9ritable touche de cr\u00e9ativit\u00e9 qu\u2019on a pu constater depuis leurs cr\u00e9ations publi\u00e9es sur internet, ce qui nous a permis de faire le choix de profil pendant le recrutement.\u00bb\u00a0<\/em><\/span><\/p>\n<div class=\"c18\">\n<fieldset class=\"c17\">\n<legend><strong><span class=\"c12\">Challenge<\/span><span class=\"c13\">news<\/span><\/strong><\/legend>\n<div class=\"c16\">Le meilleur de la r\u00e9daction s\u00e9lectionn\u00e9 par Challenge :<\/p>\n<\/div>\n<\/fieldset>\n<\/div>\n<p>Auteur: Hajar DARI<br \/>\n<a href=\"https:\/\/www.challenge.ma\/ab-sport-le-petit-poucet-marocain-qui-cotoie-les-geants-mondiaux-110175\/\">Cliquez ici pour lire l&rsquo;article depuis sa source.<\/a><\/p>\n","protected":false},"excerpt":{"rendered":"<p>Le microcosme des affaires a d\u00e9couvert AB Sport avec la pr\u00e9sentation du maillot pour la CAN 2019 de l\u2019\u00e9quipe nationale de Mauritanie. Une tunique con\u00e7ue par l\u2019\u00e9quipementier 100% marocain, AB Sport. Qui est AB Sport ? En devenant \u00e9quipementier d\u2019une nation participante \u00e0 la CAN 2019, AB Sport s\u2019affiche sur les maillots de l\u2019\u00e9quipe de [&hellip;]<\/p>\n","protected":false},"author":1787,"featured_media":0,"comment_status":"closed","ping_status":"closed","sticky":false,"template":"","format":"standard","meta":{"fifu_image_url":"","fifu_image_alt":"","footnotes":""},"categories":[78,54],"tags":[],"class_list":["post-38881","post","type-post","status-publish","format-standard","hentry","category-economie","category-maroc"],"_links":{"self":[{"href":"https:\/\/linitiative.ca\/International\/wp-json\/wp\/v2\/posts\/38881","targetHints":{"allow":["GET"]}}],"collection":[{"href":"https:\/\/linitiative.ca\/International\/wp-json\/wp\/v2\/posts"}],"about":[{"href":"https:\/\/linitiative.ca\/International\/wp-json\/wp\/v2\/types\/post"}],"author":[{"embeddable":true,"href":"https:\/\/linitiative.ca\/International\/wp-json\/wp\/v2\/users\/1787"}],"replies":[{"embeddable":true,"href":"https:\/\/linitiative.ca\/International\/wp-json\/wp\/v2\/comments?post=38881"}],"version-history":[{"count":0,"href":"https:\/\/linitiative.ca\/International\/wp-json\/wp\/v2\/posts\/38881\/revisions"}],"wp:attachment":[{"href":"https:\/\/linitiative.ca\/International\/wp-json\/wp\/v2\/media?parent=38881"}],"wp:term":[{"taxonomy":"category","embeddable":true,"href":"https:\/\/linitiative.ca\/International\/wp-json\/wp\/v2\/categories?post=38881"},{"taxonomy":"post_tag","embeddable":true,"href":"https:\/\/linitiative.ca\/International\/wp-json\/wp\/v2\/tags?post=38881"}],"curies":[{"name":"wp","href":"https:\/\/api.w.org\/{rel}","templated":true}]}}