{"id":38882,"date":"2019-06-05T11:54:44","date_gmt":"2019-06-05T15:54:44","guid":{"rendered":"https:\/\/linitiative.ca\/International\/infantino-rempile-a-la-tete-de-la-fifa\/"},"modified":"2019-06-05T11:54:44","modified_gmt":"2019-06-05T15:54:44","slug":"infantino-rempile-a-la-tete-de-la-fifa","status":"publish","type":"post","link":"https:\/\/linitiative.ca\/International\/infantino-rempile-a-la-tete-de-la-fifa\/","title":{"rendered":"Infantino rempile \u00e0 la t\u00eate de la FIFA"},"content":{"rendered":"<p>Comme attendu, l\u2019italo-suisse <strong>Gianni Infantino<\/strong> a \u00e9t\u00e9 r\u00e9\u00e9lu, mercredi, \u00e0 Paris \u00e0 la t\u00eate de la FIFA pour un second mandat de quatre ans.<\/p>\n<div class=\"c10\"\/>\n<p>Seul candidat en lice, Infantino, qui pr\u00e9side aux destin\u00e9es de la FIFA depuis le 26 f\u00e9vrier 2016, a \u00e9t\u00e9 r\u00e9\u00e9lu par acclamation lors du 69\u00e8me Congr\u00e8s de la f\u00e9d\u00e9ration internationale, qui a ouvert ses travaux dans la matin\u00e9e dans la capitale fran\u00e7aise.<\/p>\n<p>Fort de son bilan jug\u00e9 globalement positif par les observateurs sportifs, Infantino a \u00e9t\u00e9 reconduit pour le mandat 2019-2023.<\/p>\n<p>Le <strong>pr\u00e9sident<\/strong> de la FIFA, qui a assum\u00e9 la lourde succession du suisse Sepp Blatter, peut se pr\u00e9valoir notamment d\u2019un Mondial 2018 en Russie sans fautes, \u00ab le plus profitable \u00e0 ce jour \u00bb selon la f\u00e9d\u00e9ration internationale, avec pour la premi\u00e8re fois l\u2019utilisation de l\u2019assistance vid\u00e9o \u00e0 l\u2019arbitrage (VAR).<\/p>\n<p>L\u2019un de ses projets avort\u00e9s a \u00e9t\u00e9 cependant celui d\u2019\u00e9largir le Mondial 2022 au Qatar de 32 \u00e0 48 \u00e9quipes, au m\u00eame titre que celui d\u2019une Coupe du monde des clubs \u00e0 24 \u00e9quipes d\u00e8s juin 2021, projet qui est loin de faire l\u2019unanimit\u00e9.<\/p>\n<p>Pour rappel, le 69\u00e8me Congr\u00e8s de la <strong>FIFA<\/strong>, qui r\u00e9unit les 211 associations membres, se tient \u00e0 la veille du match d\u2019ouverture de la Coupe du monde F\u00e9minine, France 2019, pr\u00e9vu vendredi soir, dans la capitale fran\u00e7aise. Cette rencontre inaugurale opposera les s\u00e9lections fran\u00e7aise et sud-cor\u00e9enne.<\/p>\n<div class=\"c17\">\n<fieldset class=\"c16\">\n<legend><strong><span class=\"c11\">Challenge<\/span><span class=\"c12\">news<\/span><\/strong><\/legend>\n<div class=\"c15\">Le meilleur de la r\u00e9daction s\u00e9lectionn\u00e9 par Challenge :<\/p>\n<\/div>\n<\/fieldset>\n<\/div>\n<p>Auteur: Karim Handaoui<br \/>\n<a href=\"https:\/\/www.challenge.ma\/infantino-rempile-a-la-tete-de-la-fifa-110302\/\">Cliquez ici pour lire l&rsquo;article depuis sa source.<\/a><\/p>\n","protected":false},"excerpt":{"rendered":"<p>Comme attendu, l\u2019italo-suisse Gianni Infantino a \u00e9t\u00e9 r\u00e9\u00e9lu, mercredi, \u00e0 Paris \u00e0 la t\u00eate de la FIFA pour un second mandat de quatre ans. Seul candidat en lice, Infantino, qui pr\u00e9side aux destin\u00e9es de la FIFA depuis le 26 f\u00e9vrier 2016, a \u00e9t\u00e9 r\u00e9\u00e9lu par acclamation lors du 69\u00e8me Congr\u00e8s de la f\u00e9d\u00e9ration internationale, qui [&hellip;]<\/p>\n","protected":false},"author":1787,"featured_media":0,"comment_status":"closed","ping_status":"closed","sticky":false,"template":"","format":"standard","meta":{"fifu_image_url":"","fifu_image_alt":"","footnotes":""},"categories":[78,54],"tags":[],"class_list":["post-38882","post","type-post","status-publish","format-standard","hentry","category-economie","category-maroc"],"_links":{"self":[{"href":"https:\/\/linitiative.ca\/International\/wp-json\/wp\/v2\/posts\/38882","targetHints":{"allow":["GET"]}}],"collection":[{"href":"https:\/\/linitiative.ca\/International\/wp-json\/wp\/v2\/posts"}],"about":[{"href":"https:\/\/linitiative.ca\/International\/wp-json\/wp\/v2\/types\/post"}],"author":[{"embeddable":true,"href":"https:\/\/linitiative.ca\/International\/wp-json\/wp\/v2\/users\/1787"}],"replies":[{"embeddable":true,"href":"https:\/\/linitiative.ca\/International\/wp-json\/wp\/v2\/comments?post=38882"}],"version-history":[{"count":0,"href":"https:\/\/linitiative.ca\/International\/wp-json\/wp\/v2\/posts\/38882\/revisions"}],"wp:attachment":[{"href":"https:\/\/linitiative.ca\/International\/wp-json\/wp\/v2\/media?parent=38882"}],"wp:term":[{"taxonomy":"category","embeddable":true,"href":"https:\/\/linitiative.ca\/International\/wp-json\/wp\/v2\/categories?post=38882"},{"taxonomy":"post_tag","embeddable":true,"href":"https:\/\/linitiative.ca\/International\/wp-json\/wp\/v2\/tags?post=38882"}],"curies":[{"name":"wp","href":"https:\/\/api.w.org\/{rel}","templated":true}]}}