{"id":38883,"date":"2019-06-05T15:33:01","date_gmt":"2019-06-05T19:33:01","guid":{"rendered":"https:\/\/linitiative.ca\/International\/ligue-des-champions-lesperance-de-tunis-va-saisir-le-tas\/"},"modified":"2019-06-05T15:33:01","modified_gmt":"2019-06-05T19:33:01","slug":"ligue-des-champions-lesperance-de-tunis-va-saisir-le-tas","status":"publish","type":"post","link":"https:\/\/linitiative.ca\/International\/ligue-des-champions-lesperance-de-tunis-va-saisir-le-tas\/","title":{"rendered":"Ligue des champions: L\u2019esp\u00e9rance de Tunis va saisir le TAS"},"content":{"rendered":"<p>L\u2019Esp\u00e9rance Tunis a \u00e9t\u00e9 proclam\u00e9e vainqueur de la Ligue des champions africaine Vendredi 31 Mai, face au Wydad de Casablanca apr\u00e8s l\u2019interruption de la finale retour disput\u00e9e \u00e0 Rad\u00e8s, pour des probl\u00e8mes d\u2019arbitrage.<\/p>\n<div class=\"c10\"\/>\n<p>Les tunisiens contestent et d\u00e9clarent vouloir saisir le\u00a0TAS (Tribunal arbitral du\u00a0sport une\u00a0institution internationale\u00a0proposant un\u00a0arbitrage\u00a0ou une\u00a0m\u00e9diation\u00a0dans le monde du\u00a0sport qui d\u00e9pend du Conseil international de l\u2019arbitrage en mati\u00e8re de sport) comme annonc\u00e9 dans une publication sur la page Facebook officiel de\u00a0L\u2019Esp\u00e9rance, apr\u00e8s la d\u00e9cision du\u00a0comit\u00e9 ex\u00e9cutif de la CAF, qui a d\u00e9cid\u00e9 aujourd\u2019hui \u00e0 Paris que\u00a0le match\u00a0entre l\u2019Esp\u00e9rance de Tunis et le Wydad de Casablanca\u00a0 sera rejou\u00e9 en Afrique du sud.<\/p>\n<p><img loading=\"lazy\" decoding=\"async\" class=\"alignnone size-medium wp-image-110315\" src=\"https:\/\/www.challenge.ma\/wp-content\/uploads\/2019\/06\/est-271x300.jpg\" alt=\"\" width=\"271\" height=\"300\" srcset=\"https:\/\/www.challenge.ma\/wp-content\/uploads\/2019\/06\/est-271x300.jpg 271w, https:\/\/www.challenge.ma\/wp-content\/uploads\/2019\/06\/est-360x398.jpg 360w, https:\/\/www.challenge.ma\/wp-content\/uploads\/2019\/06\/est.jpg 499w\" sizes=\"auto, (max-width: 271px) 100vw, 271px\"\/><\/p>\n<p>Lire aussi:\u00a0<a href=\"https:\/\/www.challenge.ma\/ligue-des-champions-la-caf-compte-rejouer-le-match-wac-ess-110047\/\" target=\"_blank\" rel=\"noopener noreferrer\">Ligue des Champions : la CAF compte rejouer le match EST-WAC<\/a><\/p>\n<p>La pol\u00e9mique qui a fait bouger le football Africain et mondial et apr\u00e8s l\u2019incroyable fiasco de la finale retour de la Ligue des champions africaine,\u00a0Le comit\u00e9 ex\u00e9cutif de la CAF a d\u00e9cid\u00e9 que les conditions de jeu et de s\u00e9curit\u00e9 n\u2019\u00e9taient pas r\u00e9unies lors du match retour de la Ligue des champions, emp\u00eachant le match d\u2019arriver \u00e0 son terme. En cons\u00e9quence le match retour devra \u00eatre rejou\u00e9 en dehors du territoire tunisien et toutes les dispositions r\u00e9glementaires de la CAF pour cette comp\u00e9tition sont maintenues pour ce match. Ainsi l\u2019Esp\u00e9rance devra restituer au secr\u00e9tariat g\u00e9n\u00e9ral de la CAF le troph\u00e9e et les m\u00e9dailles d\u00e9cern\u00e9es le 31 mai 2019 d\u00e8s notification officielle de la pr\u00e9sente d\u00e9cision et tous les autres aspects de discipline, d\u2019organisation, d\u2019arbitrage seront soumis aux instances comp\u00e9tentes pour traitement et d\u00e9cision.<\/p>\n<p>Rappelons que la r\u00e9union d\u2019urgence du Comit\u00e9 ex\u00e9cutif de la\u00a0<strong>CAF<\/strong>, pour laquelle une d\u00e9l\u00e9gation marocaine compos\u00e9e de responsables de la F\u00e9d\u00e9ration Royale Marocaine de Football (FRMF) et de l\u2019\u00e9quipe casablancaise s\u2019est d\u00e9plac\u00e9e dans la capitale fran\u00e7aise, s\u2019\u00e9tait ouverte mardi matin avant d\u2019\u00eatre report\u00e9e, une premi\u00e8re fois, pour la soir\u00e9e et, ensuite, pour mercredi apr\u00e8s-midi.<\/p>\n<div class=\"c17\">\n<fieldset class=\"c16\">\n<legend><strong><span class=\"c11\">Challenge<\/span><span class=\"c12\">news<\/span><\/strong><\/legend>\n<div class=\"c15\">Le meilleur de la r\u00e9daction s\u00e9lectionn\u00e9 par Challenge :<\/p>\n<\/div>\n<\/fieldset>\n<\/div>\n<p>Auteur: Hajar DARI<br \/>\n<a href=\"https:\/\/www.challenge.ma\/ligue-des-champions-lesperance-de-tunis-declare-une-saisie-au-tas-110309\/\">Cliquez ici pour lire l&rsquo;article depuis sa source.<\/a><\/p>\n","protected":false},"excerpt":{"rendered":"<p>L\u2019Esp\u00e9rance Tunis a \u00e9t\u00e9 proclam\u00e9e vainqueur de la Ligue des champions africaine Vendredi 31 Mai, face au Wydad de Casablanca apr\u00e8s l\u2019interruption de la finale retour disput\u00e9e \u00e0 Rad\u00e8s, pour des probl\u00e8mes d\u2019arbitrage. Les tunisiens contestent et d\u00e9clarent vouloir saisir le\u00a0TAS (Tribunal arbitral du\u00a0sport une\u00a0institution internationale\u00a0proposant un\u00a0arbitrage\u00a0ou une\u00a0m\u00e9diation\u00a0dans le monde du\u00a0sport qui d\u00e9pend du Conseil [&hellip;]<\/p>\n","protected":false},"author":1787,"featured_media":38884,"comment_status":"closed","ping_status":"closed","sticky":false,"template":"","format":"standard","meta":{"fifu_image_url":"","fifu_image_alt":"","footnotes":""},"categories":[78,54],"tags":[],"class_list":["post-38883","post","type-post","status-publish","format-standard","has-post-thumbnail","hentry","category-economie","category-maroc"],"_links":{"self":[{"href":"https:\/\/linitiative.ca\/International\/wp-json\/wp\/v2\/posts\/38883","targetHints":{"allow":["GET"]}}],"collection":[{"href":"https:\/\/linitiative.ca\/International\/wp-json\/wp\/v2\/posts"}],"about":[{"href":"https:\/\/linitiative.ca\/International\/wp-json\/wp\/v2\/types\/post"}],"author":[{"embeddable":true,"href":"https:\/\/linitiative.ca\/International\/wp-json\/wp\/v2\/users\/1787"}],"replies":[{"embeddable":true,"href":"https:\/\/linitiative.ca\/International\/wp-json\/wp\/v2\/comments?post=38883"}],"version-history":[{"count":0,"href":"https:\/\/linitiative.ca\/International\/wp-json\/wp\/v2\/posts\/38883\/revisions"}],"wp:featuredmedia":[{"embeddable":true,"href":"https:\/\/linitiative.ca\/International\/wp-json\/"}],"wp:attachment":[{"href":"https:\/\/linitiative.ca\/International\/wp-json\/wp\/v2\/media?parent=38883"}],"wp:term":[{"taxonomy":"category","embeddable":true,"href":"https:\/\/linitiative.ca\/International\/wp-json\/wp\/v2\/categories?post=38883"},{"taxonomy":"post_tag","embeddable":true,"href":"https:\/\/linitiative.ca\/International\/wp-json\/wp\/v2\/tags?post=38883"}],"curies":[{"name":"wp","href":"https:\/\/api.w.org\/{rel}","templated":true}]}}