{"id":38887,"date":"2019-06-05T17:08:20","date_gmt":"2019-06-05T21:08:20","guid":{"rendered":"https:\/\/linitiative.ca\/International\/finale-ligue-des-champions-lest-defendra-ses-droits\/"},"modified":"2019-06-05T17:08:20","modified_gmt":"2019-06-05T21:08:20","slug":"finale-ligue-des-champions-lest-defendra-ses-droits","status":"publish","type":"post","link":"https:\/\/linitiative.ca\/International\/finale-ligue-des-champions-lest-defendra-ses-droits\/","title":{"rendered":"Finale Ligue des champions : L\u2019EST d\u00e9fendra ses droits"},"content":{"rendered":"<div class=\"nc_socialPanel swp_flatFresh swp_d_fullColor swp_i_fullColor swp_o_fullColor scale-100 scale-fullWidth\" data-position=\"none\" data-float=\"floatNone\" data-count=\"5\" data-floatcolor=\"#ffffff\" data-emphasize=\"0\">\n<div class=\"nc_tweetContainer totes totesalt\" data-id=\"6\"><span class=\"swp_count\"><span class=\"swp_label\">Partages<\/span> 0<\/span><\/div>\n<\/div>\n<p><span>Le comit\u00e9 directeur de l\u2019Esp\u00e9rance Sportive de Tunis\u00a0a indiqu\u00e9, dans un communiqu\u00e9 publi\u00e9 ce mercredi, qu\u2018\u00a0<\/span><span>\u201c<\/span><span>\u00a0il avait re\u00e7u avec surprise les d\u00e9cisions de la Conf\u00e9d\u00e9ration africaine de football (CAF) concernant la finale de la Ligue africaine des champions.\u00a0<\/span><span>\u201c<\/span><span>.<\/span><span>\u00a0<\/span><\/p>\n<p><span>La formation \u201cSang et Or\u201d a insist\u00e9 sur le fait qu\u2019elle est s\u00fbre de remporter son appel aupr\u00e8s des instances comp\u00e9tentes.<\/span><span>\u00a0<\/span><\/p>\n<div class=\"code-block code-block-1 c4\"><ins class=\"adsbygoogle c3\" data-ad-layout=\"in-article\" data-ad-format=\"fluid\" data-ad-client=\"ca-pub-2102118777505746\" data-ad-slot=\"7301775417\"\/> <\/div>\n<p><span>Par ailleurs, la direction de l\u2019\u00e9quipe tiendra\u00a0<\/span><span>une r\u00e9union d\u2019urgence dans les prochains jours pour contester cette d\u00e9cision aupr\u00e8s des instances internationales et prendre toutes les mesures n\u00e9cessaires pour d\u00e9fendre le droit de l\u2019\u00e9quipe de toutes les mani\u00e8res l\u00e9gales.<\/span><span>\u00a0<\/span><\/p>\n<p><span>La\u00a0<\/span><span>CAF<\/span><span>\u00a0a d\u00e9cid\u00e9 aujourd\u2019hui de rejouer la finale entre l\u2019<\/span><span>Esp\u00e9rance de Tunis<\/span><span>\u00a0et le<\/span><span>\u00a0<\/span><span>Wydad de<\/span><span>\u00a0Casablanca\u00a0<\/span><span>malgr\u00e9 le fait d\u2019avoir remis le troph\u00e9e au stade de Rades vendredi dernier.<\/span><span>\u00a0<\/span><\/p>\n<div class=\"mvp-org-wrap mvp-org-logo\" itemprop=\"publisher\" itemscope=\"\" itemtype=\"https:\/\/schema.org\/Organization\"><img decoding=\"async\" src=\"https:\/\/sport.tunisienumerique.com\/wp-content\/uploads\/2017\/05\/logo_tunisie_numerique.png\"\/><\/div>\n<div class=\"nc_socialPanel swp_flatFresh swp_d_fullColor swp_i_fullColor swp_o_fullColor scale-100 scale-fullWidth\" data-position=\"none\" data-float=\"floatNone\" data-count=\"5\" data-floatcolor=\"#ffffff\" data-emphasize=\"0\">\n<div class=\"nc_tweetContainer totes totesalt\" data-id=\"6\"><span class=\"swp_count\"><span class=\"swp_label\">Partages<\/span> 0<\/span><\/div>\n<\/div>\n<div class=\"mvp-related-posts left relative\">\n<h4 class=\"post-header\"><span class=\"post-header\">Lire aussi<\/span><\/h4>\n<\/div>\n<p>Auteur:<br \/>\n<a href=\"https:\/\/sport.tunisienumerique.com\/finale-ligue-champions-lest-defendra-droits\/\">Cliquez ici pour lire l&rsquo;article depuis sa source.<\/a><\/p>\n","protected":false},"excerpt":{"rendered":"<p>Partages 0 Le comit\u00e9 directeur de l\u2019Esp\u00e9rance Sportive de Tunis\u00a0a indiqu\u00e9, dans un communiqu\u00e9 publi\u00e9 ce mercredi, qu\u2018\u00a0\u201c\u00a0il avait re\u00e7u avec surprise les d\u00e9cisions de la Conf\u00e9d\u00e9ration africaine de football (CAF) concernant la finale de la Ligue africaine des champions.\u00a0\u201c.\u00a0 La formation \u201cSang et Or\u201d a insist\u00e9 sur le fait qu\u2019elle est s\u00fbre de remporter [&hellip;]<\/p>\n","protected":false},"author":1789,"featured_media":38888,"comment_status":"closed","ping_status":"closed","sticky":false,"template":"","format":"standard","meta":{"fifu_image_url":"","fifu_image_alt":"","footnotes":""},"categories":[73,55],"tags":[],"class_list":["post-38887","post","type-post","status-publish","format-standard","has-post-thumbnail","hentry","category-actualite","category-tunisie"],"_links":{"self":[{"href":"https:\/\/linitiative.ca\/International\/wp-json\/wp\/v2\/posts\/38887","targetHints":{"allow":["GET"]}}],"collection":[{"href":"https:\/\/linitiative.ca\/International\/wp-json\/wp\/v2\/posts"}],"about":[{"href":"https:\/\/linitiative.ca\/International\/wp-json\/wp\/v2\/types\/post"}],"author":[{"embeddable":true,"href":"https:\/\/linitiative.ca\/International\/wp-json\/wp\/v2\/users\/1789"}],"replies":[{"embeddable":true,"href":"https:\/\/linitiative.ca\/International\/wp-json\/wp\/v2\/comments?post=38887"}],"version-history":[{"count":0,"href":"https:\/\/linitiative.ca\/International\/wp-json\/wp\/v2\/posts\/38887\/revisions"}],"wp:featuredmedia":[{"embeddable":true,"href":"https:\/\/linitiative.ca\/International\/wp-json\/"}],"wp:attachment":[{"href":"https:\/\/linitiative.ca\/International\/wp-json\/wp\/v2\/media?parent=38887"}],"wp:term":[{"taxonomy":"category","embeddable":true,"href":"https:\/\/linitiative.ca\/International\/wp-json\/wp\/v2\/categories?post=38887"},{"taxonomy":"post_tag","embeddable":true,"href":"https:\/\/linitiative.ca\/International\/wp-json\/wp\/v2\/tags?post=38887"}],"curies":[{"name":"wp","href":"https:\/\/api.w.org\/{rel}","templated":true}]}}