{"id":38889,"date":"2019-06-05T17:21:58","date_gmt":"2019-06-05T21:21:58","guid":{"rendered":"https:\/\/linitiative.ca\/International\/tunisie-decision-de-la-caf-azzabi-appelle-a-la-mobilisation-nationale\/"},"modified":"2019-06-05T17:21:58","modified_gmt":"2019-06-05T21:21:58","slug":"tunisie-decision-de-la-caf-azzabi-appelle-a-la-mobilisation-nationale","status":"publish","type":"post","link":"https:\/\/linitiative.ca\/International\/tunisie-decision-de-la-caf-azzabi-appelle-a-la-mobilisation-nationale\/","title":{"rendered":"Tunisie \u2013 D\u00e9cision de la CAF\u00a0: Azzabi appelle \u00e0 la \u00ab\u00a0mobilisation nationale\u00a0\u00bb"},"content":{"rendered":"<div class=\"post-cont-in left relative\">\n<div class=\"swp_social_panel swp_horizontal_panel swp_flat_fresh swp_default_full_color swp_individual_full_color swp_other_full_color scale-100 scale-\" data-min-width=\"1100\" data-float-color=\"#ffffff\" data-float=\"none\" data-float-mobile=\"none\" data-transition=\"slide\">\n<div class=\"nc_tweetContainer swp_share_button total_shares total_sharesalt\"><span class=\"swp_count\">1 <span class=\"swp_label\">Partages<\/span><\/span><\/div>\n<\/div>\n<p>Le secr\u00e9taire g\u00e9n\u00e9ral du parti Tahya Tounes, Slim Azzabi, a r\u00e9agi \u00e0 la d\u00e9cision de la CAF de faire rejouer le match de l\u2019EST et du WAC, \u00e0 travers sa page facebook, en appelant \u00e0 la mobilisation nationale, des clubs, de la f\u00e9d\u00e9ration, du minist\u00e8re de l\u2019int\u00e9rieur qui a \u00e9t\u00e9 cibl\u00e9 par cette d\u00e9cision, du minist\u00e8re de la jeunesse et des sports, des pr\u00e9sidences de la R\u00e9publique et du gouvernement, pour que tout le monde soit solidaire avec l\u2019EST et lui rendre justice.<\/p>\n<p><img loading=\"lazy\" decoding=\"async\" class=\"aligncenter size-full wp-image-439128\" src=\"https:\/\/www.tunisienumerique.com\/wp-content\/uploads\/2019\/06\/slim.jpg\" alt=\"\" width=\"551\" height=\"237\"\/><\/p>\n<div class=\"code-block code-block-1 c3\"><ins class=\"adsbygoogle c2\" data-ad-layout=\"in-article\" data-ad-format=\"fluid\" data-ad-client=\"ca-pub-2102118777505746\" data-ad-slot=\"7301775417\"\/> <\/div>\n<div class=\"mvp-org-wrap mvp-org-logo\" itemprop=\"publisher\" itemscope=\"\" itemtype=\"https:\/\/schema.org\/Organization\"><img decoding=\"async\" src=\"https:\/\/www.tunisienumerique.com\/wp-content\/uploads\/2017\/02\/logo_tunisie_numerique.png\"\/><\/div>\n<div class=\"swp_social_panel swp_horizontal_panel swp_flat_fresh swp_default_full_color swp_individual_full_color swp_other_full_color scale-100 scale-\" data-min-width=\"1100\" data-float-color=\"#ffffff\" data-float=\"none\" data-float-mobile=\"none\" data-transition=\"slide\">\n<div class=\"nc_tweetContainer swp_share_button total_shares total_sharesalt\"><span class=\"swp_count\">1 <span class=\"swp_label\">Partages<\/span><\/span><\/div>\n<\/div>\n<div class=\"mvp-related-posts left relative\">\n<h4 class=\"post-header\"><span class=\"post-header\">Lire aussi<\/span><\/h4>\n<\/div>\n<\/div>\n<p>Auteur: LM<br \/>\n<a href=\"https:\/\/www.tunisienumerique.com\/tunisie-decision-de-la-caf-azzabi-appelle-a-la-mobilisation-nationale\/\">Cliquez ici pour lire l&rsquo;article depuis sa source.<\/a><\/p>\n","protected":false},"excerpt":{"rendered":"<p>1 Partages Le secr\u00e9taire g\u00e9n\u00e9ral du parti Tahya Tounes, Slim Azzabi, a r\u00e9agi \u00e0 la d\u00e9cision de la CAF de faire rejouer le match de l\u2019EST et du WAC, \u00e0 travers sa page facebook, en appelant \u00e0 la mobilisation nationale, des clubs, de la f\u00e9d\u00e9ration, du minist\u00e8re de l\u2019int\u00e9rieur qui a \u00e9t\u00e9 cibl\u00e9 par cette [&hellip;]<\/p>\n","protected":false},"author":1789,"featured_media":38890,"comment_status":"closed","ping_status":"closed","sticky":false,"template":"","format":"standard","meta":{"fifu_image_url":"","fifu_image_alt":"","footnotes":""},"categories":[73,55],"tags":[],"class_list":["post-38889","post","type-post","status-publish","format-standard","has-post-thumbnail","hentry","category-actualite","category-tunisie"],"_links":{"self":[{"href":"https:\/\/linitiative.ca\/International\/wp-json\/wp\/v2\/posts\/38889","targetHints":{"allow":["GET"]}}],"collection":[{"href":"https:\/\/linitiative.ca\/International\/wp-json\/wp\/v2\/posts"}],"about":[{"href":"https:\/\/linitiative.ca\/International\/wp-json\/wp\/v2\/types\/post"}],"author":[{"embeddable":true,"href":"https:\/\/linitiative.ca\/International\/wp-json\/wp\/v2\/users\/1789"}],"replies":[{"embeddable":true,"href":"https:\/\/linitiative.ca\/International\/wp-json\/wp\/v2\/comments?post=38889"}],"version-history":[{"count":0,"href":"https:\/\/linitiative.ca\/International\/wp-json\/wp\/v2\/posts\/38889\/revisions"}],"wp:featuredmedia":[{"embeddable":true,"href":"https:\/\/linitiative.ca\/International\/wp-json\/"}],"wp:attachment":[{"href":"https:\/\/linitiative.ca\/International\/wp-json\/wp\/v2\/media?parent=38889"}],"wp:term":[{"taxonomy":"category","embeddable":true,"href":"https:\/\/linitiative.ca\/International\/wp-json\/wp\/v2\/categories?post=38889"},{"taxonomy":"post_tag","embeddable":true,"href":"https:\/\/linitiative.ca\/International\/wp-json\/wp\/v2\/tags?post=38889"}],"curies":[{"name":"wp","href":"https:\/\/api.w.org\/{rel}","templated":true}]}}