{"id":38891,"date":"2019-06-05T16:17:30","date_gmt":"2019-06-05T20:17:30","guid":{"rendered":"https:\/\/linitiative.ca\/International\/fete-nationale-italienne\/"},"modified":"2019-06-05T16:17:30","modified_gmt":"2019-06-05T20:17:30","slug":"fete-nationale-italienne","status":"publish","type":"post","link":"https:\/\/linitiative.ca\/International\/fete-nationale-italienne\/","title":{"rendered":"F\u00eate nationale italienne"},"content":{"rendered":"<div class=\"td-post-featured-image\"><a href=\"https:\/\/i2.wp.com\/www.sidwaya.info\/wp-content\/uploads\/2019\/06\/Italie06.jpg?fit=787%2C525&#038;ssl=1\" data-caption=\"\"><img loading=\"lazy\" decoding=\"async\" width=\"696\" height=\"464\" class=\"entry-thumb td-modal-image\" src=\"https:\/\/i2.wp.com\/www.sidwaya.info\/wp-content\/uploads\/2019\/06\/Italie06.jpg?resize=696%2C464&#038;ssl=1\" srcset=\"https:\/\/i2.wp.com\/www.sidwaya.info\/wp-content\/uploads\/2019\/06\/Italie06.jpg?w=787&#038;ssl=1 787w, https:\/\/i2.wp.com\/www.sidwaya.info\/wp-content\/uploads\/2019\/06\/Italie06.jpg?resize=300%2C200&#038;ssl=1 300w, https:\/\/i2.wp.com\/www.sidwaya.info\/wp-content\/uploads\/2019\/06\/Italie06.jpg?resize=768%2C512&#038;ssl=1 768w, https:\/\/i2.wp.com\/www.sidwaya.info\/wp-content\/uploads\/2019\/06\/Italie06.jpg?resize=696%2C464&#038;ssl=1 696w, https:\/\/i2.wp.com\/www.sidwaya.info\/wp-content\/uploads\/2019\/06\/Italie06.jpg?resize=630%2C420&#038;ssl=1 630w\" sizes=\"auto, (max-width: 696px) 100vw, 696px\" alt=\"\" title=\"Italie06\"\/><\/a><\/div>\n<div class=\"td-a-rec td-a-rec-id-content_top td_uid_30_5cf837b18c740_rand td_block_template_1\"><img loading=\"lazy\" decoding=\"async\" class=\"aligncenter size-full wp-image-4463\" src=\"https:\/\/www.sidwaya.info\/wp-content\/uploads\/2019\/02\/FESPACO-TOUR-2019-Bannie%CC%80re-728x90-1.jpg\" alt=\"\" width=\"728\" height=\"90\"\/><\/div>\n<p><strong>L\u2019Ambassade d\u2019Italie au Burkina Faso a c\u00e9l\u00e9br\u00e9 la f\u00eate nationale italienne, le lundi 3 juin 2019 \u00e0 Ouagadougou.<\/strong><\/p>\n<p>Au lendemain de la seconde guerre mondiale, pr\u00e9cis\u00e9ment le 2 juin 1946, le peuple italien adoptait la forme r\u00e9publicaine au lieu de la monarchie, lors d\u2019un r\u00e9f\u00e9rendum. D\u00e8s lors, le 2 juin constitue une f\u00eate nationale pour l\u2019Italie. Pour l\u2019ann\u00e9e 2019, l\u2019ambassade d\u2019Italie au Burkina Faso a c\u00e9l\u00e9br\u00e9 l\u2019\u00e9v\u00e9nement, le lundi 3 juin dernier \u00e0 Ouagadougou. Au cours de cette c\u00e9r\u00e9monie, l\u2019ambassadeur d\u2019Italie au Burkina Faso, Andrea Romussi,\u00a0est revenu sur les grands points de coop\u00e9ration entre son pays et celui des Hommes int\u00e8gres. Il dit placer cette c\u00e9l\u00e9bration sous le signe du renforcement des relations bilat\u00e9rales entre les deux pays amis depuis 50 ans. Ces relations sont d\u00e9j\u00e0 excellentes, a-t-il signifi\u00e9, mais doivent \u00eatre renforc\u00e9es \u00e0 tous les niveaux\u00a0: politique, \u00e9conomique, commercial et culturel, \u00e0 travers des programmes bien ficel\u00e9s. \u00abLe but de ma mission, c\u2019est d\u2019intensifier les rapports traditionnels d\u2019amiti\u00e9 et de collaboration entre nos peuples, et les transformer en un partenariat structur\u00e9. Les bases pour faire cela sont excellentes\u00a0: en Italie, r\u00e9side la plus grande communaut\u00e9 burkinab\u00e8 en termes d\u2019importance en Europe, soit 50\u00a0000 Burkinab\u00e8, tout \u00e0 fait int\u00e9gr\u00e9s, qui contribuent par leur engagement au d\u00e9veloppement \u00e9conomique, social et humain de l\u2019Italie\u00bb, a soulign\u00e9 le diplomate italien. Il a remerci\u00e9 le Burkina Faso. Par ailleurs, M. Romussi a rassur\u00e9 du soutien de l\u2019Italie au pays des Hommes int\u00e8gres dans le domaine de la s\u00e9curit\u00e9. Aujourd\u2019hui au Burkina Faso, a-t-il relev\u00e9, c\u2019est le d\u00e9fi s\u00e9curitaire qui pr\u00e9occupe, et qui pourra \u00eatre relev\u00e9, gr\u00e2ce \u00e0 une action unitaire du gouvernement et du peuple burkinab\u00e8. Le ministre du Commerce, de l\u2019Industrie et de l\u2019Artisanat, Harouna Kabor\u00e9, a repr\u00e9sent\u00e9 le gouvernement \u00e0 cette c\u00e9r\u00e9monie. \u00abVous savez que le plus grand nombre des Burkinab\u00e8 vivant en Europe r\u00e9side en Italie. Il \u00e9tait donc de bon ton que nous puissions participer \u00e0 cette f\u00eate\u00bb, a-t-il mentionn\u00e9. Il a salu\u00e9 l\u2019excellence des relations entre les deux pays. Cela se traduit, selon lui, par un certain nombre d\u2019actions et d\u2019activit\u00e9s de coop\u00e9ration sur le plan \u00e9conomique et commercial. A l\u2019entendre, l\u2019Italie est un pays fournisseur de nombreux services et \u00e9quipements pour le Burkina Faso. \u00abNous envisageons renforcer notre coop\u00e9ration en industrialisation, puisse que l\u2019Italie est un pays tr\u00e8s avanc\u00e9 sur ces pr\u00e9occupations\u00bb, a fait savoir le ministre.<\/p>\n<p>Kowoma Marc DOH<br \/>kowomadoh@gmail.com<\/p>\n<div class=\"td-a-rec td-a-rec-id-content_bottom td_uid_31_5cf837b18c8d7_rand td_block_template_1\"><img loading=\"lazy\" decoding=\"async\" class=\"alignright size-full wp-image-1724\" src=\"https:\/\/www.sidwaya.info\/wp-content\/uploads\/2018\/12\/sidwaya-pub.jpg\" alt=\"\" width=\"720\" height=\"90\"\/><\/div>\n<p>Auteur: BM. Sidwaya<br \/>\n<a href=\"https:\/\/www.sidwaya.info\/blog\/2019\/06\/05\/fete-nationale-italienne-2\/\">Cliquez ici pour lire l&rsquo;article depuis sa source.<\/a><\/p>\n","protected":false},"excerpt":{"rendered":"<p>L\u2019Ambassade d\u2019Italie au Burkina Faso a c\u00e9l\u00e9br\u00e9 la f\u00eate nationale italienne, le lundi 3 juin 2019 \u00e0 Ouagadougou. Au lendemain de la seconde guerre mondiale, pr\u00e9cis\u00e9ment le 2 juin 1946, le peuple italien adoptait la forme r\u00e9publicaine au lieu de la monarchie, lors d\u2019un r\u00e9f\u00e9rendum. D\u00e8s lors, le 2 juin constitue une f\u00eate nationale pour [&hellip;]<\/p>\n","protected":false},"author":1816,"featured_media":0,"comment_status":"closed","ping_status":"closed","sticky":false,"template":"","format":"standard","meta":{"fifu_image_url":"","fifu_image_alt":"","footnotes":""},"categories":[73,81],"tags":[],"class_list":["post-38891","post","type-post","status-publish","format-standard","hentry","category-actualite","category-burkina-faso"],"_links":{"self":[{"href":"https:\/\/linitiative.ca\/International\/wp-json\/wp\/v2\/posts\/38891","targetHints":{"allow":["GET"]}}],"collection":[{"href":"https:\/\/linitiative.ca\/International\/wp-json\/wp\/v2\/posts"}],"about":[{"href":"https:\/\/linitiative.ca\/International\/wp-json\/wp\/v2\/types\/post"}],"author":[{"embeddable":true,"href":"https:\/\/linitiative.ca\/International\/wp-json\/wp\/v2\/users\/1816"}],"replies":[{"embeddable":true,"href":"https:\/\/linitiative.ca\/International\/wp-json\/wp\/v2\/comments?post=38891"}],"version-history":[{"count":0,"href":"https:\/\/linitiative.ca\/International\/wp-json\/wp\/v2\/posts\/38891\/revisions"}],"wp:attachment":[{"href":"https:\/\/linitiative.ca\/International\/wp-json\/wp\/v2\/media?parent=38891"}],"wp:term":[{"taxonomy":"category","embeddable":true,"href":"https:\/\/linitiative.ca\/International\/wp-json\/wp\/v2\/categories?post=38891"},{"taxonomy":"post_tag","embeddable":true,"href":"https:\/\/linitiative.ca\/International\/wp-json\/wp\/v2\/tags?post=38891"}],"curies":[{"name":"wp","href":"https:\/\/api.w.org\/{rel}","templated":true}]}}