{"id":38893,"date":"2019-06-05T16:30:07","date_gmt":"2019-06-05T20:30:07","guid":{"rendered":"https:\/\/linitiative.ca\/International\/patrimoine-culturel-burkinabe-et-mondial-des-journalistes-outilles\/"},"modified":"2019-06-05T16:30:07","modified_gmt":"2019-06-05T20:30:07","slug":"patrimoine-culturel-burkinabe-et-mondial-des-journalistes-outilles","status":"publish","type":"post","link":"https:\/\/linitiative.ca\/International\/patrimoine-culturel-burkinabe-et-mondial-des-journalistes-outilles\/","title":{"rendered":"Patrimoine culturel burkinab\u00e8 et mondial: des journalistes outill\u00e9s"},"content":{"rendered":"<div class=\"td-post-featured-image\"><a href=\"https:\/\/i2.wp.com\/www.sidwaya.info\/wp-content\/uploads\/2019\/06\/patrimoine6.jpg?fit=974%2C638&#038;ssl=1\" data-caption=\"\"><img loading=\"lazy\" decoding=\"async\" width=\"696\" height=\"456\" class=\"entry-thumb td-modal-image\" src=\"https:\/\/i2.wp.com\/www.sidwaya.info\/wp-content\/uploads\/2019\/06\/patrimoine6.jpg?resize=696%2C456&#038;ssl=1\" srcset=\"https:\/\/i2.wp.com\/www.sidwaya.info\/wp-content\/uploads\/2019\/06\/patrimoine6.jpg?w=974&#038;ssl=1 974w, https:\/\/i2.wp.com\/www.sidwaya.info\/wp-content\/uploads\/2019\/06\/patrimoine6.jpg?resize=300%2C197&#038;ssl=1 300w, https:\/\/i2.wp.com\/www.sidwaya.info\/wp-content\/uploads\/2019\/06\/patrimoine6.jpg?resize=768%2C503&#038;ssl=1 768w, https:\/\/i2.wp.com\/www.sidwaya.info\/wp-content\/uploads\/2019\/06\/patrimoine6.jpg?resize=696%2C456&#038;ssl=1 696w, https:\/\/i2.wp.com\/www.sidwaya.info\/wp-content\/uploads\/2019\/06\/patrimoine6.jpg?resize=741%2C486&#038;ssl=1 741w, https:\/\/i2.wp.com\/www.sidwaya.info\/wp-content\/uploads\/2019\/06\/patrimoine6.jpg?resize=641%2C420&#038;ssl=1 641w\" sizes=\"auto, (max-width: 696px) 100vw, 696px\" alt=\"\" title=\"patrimoine6\"\/><\/a><\/div>\n<div class=\"td-a-rec td-a-rec-id-content_top td_uid_30_5cf837b84122a_rand td_block_template_1\"><img loading=\"lazy\" decoding=\"async\" class=\"aligncenter size-full wp-image-4463\" src=\"https:\/\/www.sidwaya.info\/wp-content\/uploads\/2019\/02\/FESPACO-TOUR-2019-Bannie%CC%80re-728x90-1.jpg\" alt=\"\" width=\"728\" height=\"90\"\/><\/div>\n<p><strong>Le minist\u00e8re de la Culture, des Arts et du Tourisme a organis\u00e9, le lundi 3 juin 2019 \u00e0 Ouagadougou, une session de formation sur le patrimoine culturel burkinab\u00e8 et mondial \u00e0 l\u2019intention d\u2019une vingtaine d\u2019hommes et femmes de m\u00e9dias.<\/strong><\/p>\n<p>Les Etats-parties, selon l\u2019article 27 de la Convention de 1972 de l\u2019UNESCO, doivent, par des programmes d\u2019\u00e9ducation et d\u2019information, renforcer le respect et l\u2019attachement de leurs peuples au patrimoine culturel et naturel. C\u2019est dans cette optique que le Minist\u00e8re de la Culture, des Arts et du Tourisme (MCAT), \u00e0 travers la Direction g\u00e9n\u00e9rale du patrimoine culturel (DGPC), a initi\u00e9 le lundi 3 juin 2019 \u00e0 Ouagadougou un atelier de formation sur le patrimoine burkinab\u00e8 et mondial au profit des journalistes culturels. \u00abLes hommes et femmes de m\u00e9dias sont des relais incontournables dans la communication sur les biens culturels de notre patrimoine national. Cette rencontre vise donc \u00e0 mettre \u00e0 leur disposition des \u00e9l\u00e9ments d\u2019informations sur ce sujet\u00bb, a indiqu\u00e9 le secr\u00e9taire g\u00e9n\u00e9ral du MCAT, Dr Lassina Simpor\u00e9.<br \/>Notre objectif, gr\u00e2ce \u00e0 la contribution des professionnels des m\u00e9dias, a-t-il poursuivi, est de sensibiliser les Burkinab\u00e8 \u00e0 l\u2019importance et \u00e0 la protection de notre patrimoine culturel. \u00abNous devons les amener \u00e0 conna\u00eetre et \u00e0 aimer nos sites touristiques, \u00e0 susciter en eux l\u2019amour du tourisme\u00bb, a soutenu Dr Simpor\u00e9. Apr\u00e8s les Ruines de Lorop\u00e9ni, le complexe W-Arly-Pendjari, le Burkina Faso est candidat, cette ann\u00e9e, pour l\u2019inscription sur la liste du patrimoine mondial d\u2019un 3e bien culturel \u00e0 savoir les sites de la m\u00e9tallurgie ancienne de r\u00e9duction du fer (Ronguin, Tiw\u00e8ga, Yamane, Kindbo et Douroula), construits 800 ans avant J\u00e9sus-Christ. Ce dossier, a annonc\u00e9 le premier responsable de la DGPC, Vincent S\u00e9d\u00e9go, sera d\u00e9fendu \u00e0 la 43e session du comit\u00e9 du patrimoine qui se tiendra du 30 juin au 10 juillet 2019 \u00e0 Bakou, en Azerba\u00efdjan. \u00abG\u00e9n\u00e9ralit\u00e9s sur le patrimoine culturel\u00bb et \u00abConnaissances sur le patrimoine mondial\u00bb ont \u00e9t\u00e9 les deux panels pr\u00e9sent\u00e9s aux participants. La premi\u00e8re communication a \u00e9t\u00e9 donn\u00e9e par M. S\u00e9d\u00e9go. \u00abLe patrimoine culturel est l\u2019ensemble des biens mat\u00e9riels et immat\u00e9riels qui, pour les communaut\u00e9s, portent des messages et des valeurs, et qu\u2019elles choisissent de prot\u00e9ger et de transmettre aux g\u00e9n\u00e9rations futures\u00bb, a-t-il d\u00e9fini.<br \/>A l\u2019entendre, les sites, monuments, biens ethnographiques, \u0153uvres architecturales, \u0153uvres d\u2019art, traditions et expressions orales, et la langue entrent dans cette cat\u00e9gorie.<br \/>Le patrimoine culturel dit \u00abmat\u00e9riel\u00bb, a-t-il pr\u00e9cis\u00e9, est constitu\u00e9 des paysages \u00abconstruits\u00bb, de l\u2019architecture et de l\u2019urbanisme, des sites arch\u00e9ologiques et g\u00e9ologiques, de certains am\u00e9nagements forestiers, d\u2019objets d\u2019art et mobiliers et du patrimoine industriel (outils, instruments, machines, etc.).<\/p>\n<p>Une valeur universelle extraordinaire<\/p>\n<p>Quant au patrimoine culturel immat\u00e9riel, il peut rev\u00eatir, a-t-il expliqu\u00e9, diff\u00e9rentes formes (traditions et expressions orales, arts du spectacle, pratiques sociales, rites et \u00e9v\u00e8nements festifs, connaissances pratiques concernant la nature et l\u2019univers, artisanat traditionnel). Le second expos\u00e9 a \u00e9t\u00e9 livr\u00e9 par Dr Lassina Simpor\u00e9, par ailleurs arch\u00e9ologue de formation. Le patrimoine mondial, a-t-il soutenu, est une appellation attribu\u00e9e \u00e0 des lieux ou \u00e0 des biens, situ\u00e9s \u00e0 travers le monde, poss\u00e9dant une valeur universelle extraordinaire ou exceptionnelle. \u00abIls sont \u00e0 ce titre inscrits sur la liste du patrimoine mondial afin d\u2019\u00eatre prot\u00e9g\u00e9s pour que les g\u00e9n\u00e9rations futures puissent encore les appr\u00e9cier \u00e0 leur tour\u00bb, a d\u00e9clar\u00e9 le gestionnaire de patrimoine culturel immobilier. En outre, l\u2019inscription d\u2019un bien sur la \u00abprestigieuse\u00bb liste du patrimoine mondial de l\u2019UNESCO comporte, a-t-il fait savoir, de nombreux avantages pour le pays concern\u00e9. Il s\u2019agit, entre autres, de l\u2019opportunit\u00e9 de d\u00e9veloppement de la r\u00e9gion, la poursuite des recherches scientifiques sur le site, la protection du site et l\u2019assistance technique et financi\u00e8re du comit\u00e9 du patrimoine mondial afin de soutenir les activit\u00e9s de pr\u00e9servation. De plus, c\u2019est un honneur, pour toute nation, a soulign\u00e9 Dr Simpor\u00e9, de voir une partie de son h\u00e9ritage culturel reconnu par le monde entier. Cette distinction implique, toutefois, \u00e0 ses dires, des devoirs. Le pays \u00e9lu doit, en effet, s\u2019engager, a-t-il dit, \u00e0 entretenir et g\u00e9rer le site, l\u2019\u00e9difice ou le milieu, de mani\u00e8re \u00e0 le conserver intact pour les g\u00e9n\u00e9rations futures. La session de formation a \u00e9t\u00e9 suivie de discussion et un jeu de questions r\u00e9ponses. Comment inscrire un bien sur la liste du patrimoine mondial\u00a0? Cette d\u00e9marche, a-t-il r\u00e9pondu, n\u00e9cessite de passer d\u2019abord par la liste indicative de l\u2019UNESCO, puis par cinq \u00e9tapes\u00a0: l\u2019Etat-partie (choisit le site prioritaire), le centre du patrimoine mondial (v\u00e9rifie la conformit\u00e9 technique et administrative du dossier, les organisations consultatives (envoient un expert pour \u00e9valuer le site et remettre un rapport), le comit\u00e9 du patrimoine mondial (d\u00e9cide d\u2019inscrire, ou de ne pas inscrire, de renvoyer ou de diff\u00e9rer l\u2019inscription) et l\u2019Etat-partie (conservation et suivi).<\/p>\n<p>W. Aubin NANA<\/p>\n<div class=\"td-a-rec td-a-rec-id-content_bottom td_uid_31_5cf837b8413ea_rand td_block_template_1\"><img loading=\"lazy\" decoding=\"async\" class=\"alignright size-full wp-image-1724\" src=\"https:\/\/www.sidwaya.info\/wp-content\/uploads\/2018\/12\/sidwaya-pub.jpg\" alt=\"\" width=\"720\" height=\"90\"\/><\/div>\n<p>Auteur: BM. Sidwaya<br \/>\n<a href=\"https:\/\/www.sidwaya.info\/blog\/2019\/06\/05\/patrimoine-culturel-burkinabe-et-mondial-des-journalistes-outilles\/\">Cliquez ici pour lire l&rsquo;article depuis sa source.<\/a><\/p>\n","protected":false},"excerpt":{"rendered":"<p>Le minist\u00e8re de la Culture, des Arts et du Tourisme a organis\u00e9, le lundi 3 juin 2019 \u00e0 Ouagadougou, une session de formation sur le patrimoine culturel burkinab\u00e8 et mondial \u00e0 l\u2019intention d\u2019une vingtaine d\u2019hommes et femmes de m\u00e9dias. Les Etats-parties, selon l\u2019article 27 de la Convention de 1972 de l\u2019UNESCO, doivent, par des programmes [&hellip;]<\/p>\n","protected":false},"author":1816,"featured_media":0,"comment_status":"closed","ping_status":"closed","sticky":false,"template":"","format":"standard","meta":{"fifu_image_url":"","fifu_image_alt":"","footnotes":""},"categories":[73,81],"tags":[],"class_list":["post-38893","post","type-post","status-publish","format-standard","hentry","category-actualite","category-burkina-faso"],"_links":{"self":[{"href":"https:\/\/linitiative.ca\/International\/wp-json\/wp\/v2\/posts\/38893","targetHints":{"allow":["GET"]}}],"collection":[{"href":"https:\/\/linitiative.ca\/International\/wp-json\/wp\/v2\/posts"}],"about":[{"href":"https:\/\/linitiative.ca\/International\/wp-json\/wp\/v2\/types\/post"}],"author":[{"embeddable":true,"href":"https:\/\/linitiative.ca\/International\/wp-json\/wp\/v2\/users\/1816"}],"replies":[{"embeddable":true,"href":"https:\/\/linitiative.ca\/International\/wp-json\/wp\/v2\/comments?post=38893"}],"version-history":[{"count":0,"href":"https:\/\/linitiative.ca\/International\/wp-json\/wp\/v2\/posts\/38893\/revisions"}],"wp:attachment":[{"href":"https:\/\/linitiative.ca\/International\/wp-json\/wp\/v2\/media?parent=38893"}],"wp:term":[{"taxonomy":"category","embeddable":true,"href":"https:\/\/linitiative.ca\/International\/wp-json\/wp\/v2\/categories?post=38893"},{"taxonomy":"post_tag","embeddable":true,"href":"https:\/\/linitiative.ca\/International\/wp-json\/wp\/v2\/tags?post=38893"}],"curies":[{"name":"wp","href":"https:\/\/api.w.org\/{rel}","templated":true}]}}