{"id":38895,"date":"2019-06-05T16:45:41","date_gmt":"2019-06-05T20:45:41","guid":{"rendered":"https:\/\/linitiative.ca\/International\/declassement-de-la-foret-de-kua-des-ecologistes-sopposent\/"},"modified":"2019-06-05T16:45:41","modified_gmt":"2019-06-05T20:45:41","slug":"declassement-de-la-foret-de-kua-des-ecologistes-sopposent","status":"publish","type":"post","link":"https:\/\/linitiative.ca\/International\/declassement-de-la-foret-de-kua-des-ecologistes-sopposent\/","title":{"rendered":"D\u00e9classement de la for\u00eat de Kua: Des \u00e9cologistes s\u2019opposent"},"content":{"rendered":"<div class=\"td-post-featured-image\"><a href=\"https:\/\/i2.wp.com\/www.sidwaya.info\/wp-content\/uploads\/2019\/06\/kuaforet6.jpg?fit=974%2C731&#038;ssl=1\" data-caption=\"\"><img loading=\"lazy\" decoding=\"async\" width=\"696\" height=\"522\" class=\"entry-thumb td-modal-image\" src=\"https:\/\/i2.wp.com\/www.sidwaya.info\/wp-content\/uploads\/2019\/06\/kuaforet6.jpg?resize=696%2C522&#038;ssl=1\" srcset=\"https:\/\/i2.wp.com\/www.sidwaya.info\/wp-content\/uploads\/2019\/06\/kuaforet6.jpg?w=974&#038;ssl=1 974w, https:\/\/i2.wp.com\/www.sidwaya.info\/wp-content\/uploads\/2019\/06\/kuaforet6.jpg?resize=300%2C225&#038;ssl=1 300w, https:\/\/i2.wp.com\/www.sidwaya.info\/wp-content\/uploads\/2019\/06\/kuaforet6.jpg?resize=768%2C576&#038;ssl=1 768w, https:\/\/i2.wp.com\/www.sidwaya.info\/wp-content\/uploads\/2019\/06\/kuaforet6.jpg?resize=80%2C60&#038;ssl=1 80w, https:\/\/i2.wp.com\/www.sidwaya.info\/wp-content\/uploads\/2019\/06\/kuaforet6.jpg?resize=265%2C198&#038;ssl=1 265w, https:\/\/i2.wp.com\/www.sidwaya.info\/wp-content\/uploads\/2019\/06\/kuaforet6.jpg?resize=696%2C522&#038;ssl=1 696w, https:\/\/i2.wp.com\/www.sidwaya.info\/wp-content\/uploads\/2019\/06\/kuaforet6.jpg?resize=560%2C420&#038;ssl=1 560w\" sizes=\"auto, (max-width: 696px) 100vw, 696px\" alt=\"\" title=\"kuaforet6\"\/><\/a><\/div>\n<div class=\"td-a-rec td-a-rec-id-content_top td_uid_30_5cf837be43b87_rand td_block_template_1\"><img loading=\"lazy\" decoding=\"async\" class=\"aligncenter size-full wp-image-4463\" src=\"https:\/\/www.sidwaya.info\/wp-content\/uploads\/2019\/02\/FESPACO-TOUR-2019-Bannie%CC%80re-728x90-1.jpg\" alt=\"\" width=\"728\" height=\"90\"\/><\/div>\n<p><strong>La Coalition citoyenne pour la protection de l\u2019environnement a anim\u00e9 une conf\u00e9rence de presse, le vendredi 31 mai 2019 \u00e0 Ouagadougou, en vue de lancer une lutte contre l\u2019invasion \u00abill\u00e9gale\u00bb de la for\u00eat class\u00e9e de Kua pour construire un h\u00f4pital.<\/strong><\/p>\n<p>Depuis l\u2019annonce de la construction d\u2019un h\u00f4pital de r\u00e9f\u00e9rence \u00e0 Bobo-Dioulasso plus pr\u00e9cis\u00e9ment sur une partie de la for\u00eat class\u00e9e de Kua, des voix se l\u00e8vent pour protester contre le d\u00e9classement de cette zone. Le vendredi 31 mai 2019, c\u2019\u00e9tait au tour de la Coalition citoyenne pour la protection de l\u2019environnement, de donner sa lecture de la situation, \u00e0 Ouagadougou. Selon le porte-parole de la Coalition, Cl\u00e9ophas Zerbo, la partie d\u00e9limit\u00e9e comporte la plus grande densit\u00e9 de pieds de karit\u00e9 (vitellaria paradoxa) une esp\u00e8ce prot\u00e9g\u00e9e au Burkina Faso, de n\u00e9r\u00e9 et cinq sources d\u2019eaux dont une p\u00e9renne.<br \/>\u00abL\u2019alimentation en eau potable de la ville de Bobo-Dioulasso et ses localit\u00e9s environnantes est assur\u00e9e \u00e0 partir d\u2019eau de source dont la plupart se retrouvent dans les for\u00eats de Kua, Dinderresso et Kuinima. Une \u00e9tude men\u00e9e en 1993 a montr\u00e9 que ces nappes sont reli\u00e9es. Donc s\u2019attaquer \u00e0 une des for\u00eats, c\u2019est compromettre la disponibilit\u00e9 et la qualit\u00e9 des ressources en eau, \u00e0 des risques de pollution\u00bb, a-t-il expliqu\u00e9. Alors, pourquoi compromettre le devenir d\u2019un tel site \u00e9cologique ? S\u2019est interrog\u00e9e la Coalition. Pour les membres de l\u2019organisation, il y a une volont\u00e9 manifeste d\u2019amener la population \u00e0 choisir entre l\u2019infrastructure et la for\u00eat class\u00e9e, une violation des textes r\u00e9gissant les for\u00eats, l\u2019environnement, un \u00e9cocide contre la for\u00eat de Kua et un risque de perte de la biodiversit\u00e9. \u00abOr, on peut bien avoir les deux. Il suffit d\u2019en appeler \u00e0 notre bon sens communautaire et \u00e0 la pr\u00e9servation de l\u2019avenir de la nation et des g\u00e9n\u00e9rations futures, car une for\u00eat n\u2019est seulement pas les arbres, mais aussi l\u2019\u00e9cosyst\u00e8me\u00bb, a indiqu\u00e9 le porte-parole. Apr\u00e8s cette conf\u00e9rence de presse, la coalition compte entreprendre des d\u00e9marches aupr\u00e8s des autorit\u00e9s, \u00e9largir son cercle, rencontrer des repr\u00e9sentants diplomatiques, mener des actions afin de faire entendre sa voix pour d\u00e9router ce projet de d\u00e9classement et mener une veille citoyenne sur les pr\u00e9occupations environnementales. En rappel, la coalition est n\u00e9e de la pol\u00e9mique de d\u00e9classement d\u2019une partie de la for\u00eat de Kua. Elle compte treize organisations. Ce sont, entre autres : l\u2019Amicale des femmes foresti\u00e8res du Burkina (AMIFOB), le Balai citoyen, Bital com, le Centre d\u2019\u00e9tude et de recherche sur le droit de l\u2019environnement et le Groupe de recherche action pour la gouvernance foresti\u00e8re<\/p>\n<p>Fleur BIRBA<br \/>fleurbirba@gmail.com<\/p>\n<div class=\"td-a-rec td-a-rec-id-content_bottom td_uid_31_5cf837be43d37_rand td_block_template_1\"><img loading=\"lazy\" decoding=\"async\" class=\"alignright size-full wp-image-1724\" src=\"https:\/\/www.sidwaya.info\/wp-content\/uploads\/2018\/12\/sidwaya-pub.jpg\" alt=\"\" width=\"720\" height=\"90\"\/><\/div>\n<p>Auteur: BM. Sidwaya<br \/>\n<a href=\"https:\/\/www.sidwaya.info\/blog\/2019\/06\/05\/declassement-de-la-foret-de-kua-des-ecologistes-sopposent\/\">Cliquez ici pour lire l&rsquo;article depuis sa source.<\/a><\/p>\n","protected":false},"excerpt":{"rendered":"<p>La Coalition citoyenne pour la protection de l\u2019environnement a anim\u00e9 une conf\u00e9rence de presse, le vendredi 31 mai 2019 \u00e0 Ouagadougou, en vue de lancer une lutte contre l\u2019invasion \u00abill\u00e9gale\u00bb de la for\u00eat class\u00e9e de Kua pour construire un h\u00f4pital. Depuis l\u2019annonce de la construction d\u2019un h\u00f4pital de r\u00e9f\u00e9rence \u00e0 Bobo-Dioulasso plus pr\u00e9cis\u00e9ment sur une [&hellip;]<\/p>\n","protected":false},"author":1816,"featured_media":0,"comment_status":"closed","ping_status":"closed","sticky":false,"template":"","format":"standard","meta":{"fifu_image_url":"","fifu_image_alt":"","footnotes":""},"categories":[73,81],"tags":[],"class_list":["post-38895","post","type-post","status-publish","format-standard","hentry","category-actualite","category-burkina-faso"],"_links":{"self":[{"href":"https:\/\/linitiative.ca\/International\/wp-json\/wp\/v2\/posts\/38895","targetHints":{"allow":["GET"]}}],"collection":[{"href":"https:\/\/linitiative.ca\/International\/wp-json\/wp\/v2\/posts"}],"about":[{"href":"https:\/\/linitiative.ca\/International\/wp-json\/wp\/v2\/types\/post"}],"author":[{"embeddable":true,"href":"https:\/\/linitiative.ca\/International\/wp-json\/wp\/v2\/users\/1816"}],"replies":[{"embeddable":true,"href":"https:\/\/linitiative.ca\/International\/wp-json\/wp\/v2\/comments?post=38895"}],"version-history":[{"count":0,"href":"https:\/\/linitiative.ca\/International\/wp-json\/wp\/v2\/posts\/38895\/revisions"}],"wp:attachment":[{"href":"https:\/\/linitiative.ca\/International\/wp-json\/wp\/v2\/media?parent=38895"}],"wp:term":[{"taxonomy":"category","embeddable":true,"href":"https:\/\/linitiative.ca\/International\/wp-json\/wp\/v2\/categories?post=38895"},{"taxonomy":"post_tag","embeddable":true,"href":"https:\/\/linitiative.ca\/International\/wp-json\/wp\/v2\/tags?post=38895"}],"curies":[{"name":"wp","href":"https:\/\/api.w.org\/{rel}","templated":true}]}}