{"id":38897,"date":"2019-06-05T17:01:22","date_gmt":"2019-06-05T21:01:22","guid":{"rendered":"https:\/\/linitiative.ca\/International\/investigation-economique\/"},"modified":"2019-06-05T17:01:22","modified_gmt":"2019-06-05T21:01:22","slug":"investigation-economique","status":"publish","type":"post","link":"https:\/\/linitiative.ca\/International\/investigation-economique\/","title":{"rendered":"Investigation \u00e9conomique"},"content":{"rendered":"<div class=\"td-post-featured-image\"><a href=\"https:\/\/i0.wp.com\/www.sidwaya.info\/wp-content\/uploads\/2019\/06\/sidjran.jpg?fit=787%2C590&#038;ssl=1\" data-caption=\"\"><img loading=\"lazy\" decoding=\"async\" width=\"696\" height=\"522\" class=\"entry-thumb td-modal-image\" src=\"https:\/\/i0.wp.com\/www.sidwaya.info\/wp-content\/uploads\/2019\/06\/sidjran.jpg?resize=696%2C522&#038;ssl=1\" srcset=\"https:\/\/i0.wp.com\/www.sidwaya.info\/wp-content\/uploads\/2019\/06\/sidjran.jpg?w=787&#038;ssl=1 787w, https:\/\/i0.wp.com\/www.sidwaya.info\/wp-content\/uploads\/2019\/06\/sidjran.jpg?resize=300%2C225&#038;ssl=1 300w, https:\/\/i0.wp.com\/www.sidwaya.info\/wp-content\/uploads\/2019\/06\/sidjran.jpg?resize=768%2C576&#038;ssl=1 768w, https:\/\/i0.wp.com\/www.sidwaya.info\/wp-content\/uploads\/2019\/06\/sidjran.jpg?resize=80%2C60&#038;ssl=1 80w, https:\/\/i0.wp.com\/www.sidwaya.info\/wp-content\/uploads\/2019\/06\/sidjran.jpg?resize=265%2C198&#038;ssl=1 265w, https:\/\/i0.wp.com\/www.sidwaya.info\/wp-content\/uploads\/2019\/06\/sidjran.jpg?resize=696%2C522&#038;ssl=1 696w, https:\/\/i0.wp.com\/www.sidwaya.info\/wp-content\/uploads\/2019\/06\/sidjran.jpg?resize=560%2C420&#038;ssl=1 560w\" sizes=\"auto, (max-width: 696px) 100vw, 696px\" alt=\"\" title=\"sidjran\"\/><\/a><\/div>\n<div class=\"td-a-rec td-a-rec-id-content_top td_uid_30_5cf837c46b023_rand td_block_template_1\"><img loading=\"lazy\" decoding=\"async\" class=\"aligncenter size-full wp-image-4463\" src=\"https:\/\/www.sidwaya.info\/wp-content\/uploads\/2019\/02\/FESPACO-TOUR-2019-Bannie%CC%80re-728x90-1.jpg\" alt=\"\" width=\"728\" height=\"90\"\/><\/div>\n<p><strong>La fondation Konrad Adenauer Stiftung a organis\u00e9, du 27 mai au 1er juin 2019 \u00e0 Grand-Bassam, en R\u00e9publique de C\u00f4te d\u2019Ivoire, un atelier sous r\u00e9gional \u00e0 l\u2019intention de 23 hommes de m\u00e9dias de cinq pays. Cette session avait pour but de les outiller davantage \u00e0 l\u2019investigation \u00e9conomique.<\/strong><\/p>\n<p>Cet atelier sous r\u00e9gional fait suite \u00e0 un appel \u00e0 candidature lanc\u00e9 par la fondation Konrad Adenauer Stiftung dans le cadre d\u2019un programme d\u00e9nomm\u00e9 \u00abDialogue politique en Afrique de l\u2019Ouest\u00bb. Il vise, aux dires des organisateurs, \u00e0 am\u00e9liorer les capacit\u00e9s des professionnels des m\u00e9dias en presse \u00e9crite ou en ligne dans le domaine de l\u2019investigation \u00e9conomique dans cinq pays de l\u2019Afrique de l\u2019Ouest. Il s\u2019agit du Togo, du B\u00e9nin, de la C\u00f4te d\u2019Ivoire, de la Guin\u00e9e et du Burkina Faso. Pour Florian Karner, repr\u00e9sentant-r\u00e9sident de Konrad Adenauer Stiftung, les journalistes sont un levier important de la d\u00e9mocratie et de la bonne gouvernance. La presse, a-t-il dit, doit jouer son r\u00f4le de contr\u00f4le de la gestion de l\u2019Etat par les pouvoirs publics, voire des ressources publiques par une meilleure information de la population. Son constat r\u00e9v\u00e8le cependant que la presse est souvent focalis\u00e9e sur les questions politiques et tr\u00e8s peu d\u2019articles sont consacr\u00e9s \u00e0 l\u2019\u00e9conomie. Et m\u00eame que, \u00e0 ses dires, lorsqu\u2019il y a des articles abordant des questions \u00e9conomiques, ils ne sont pas trait\u00e9s en profondeur. C\u2019est en cela que Konrad Adenauer Stiftung a initi\u00e9 cette session de formation au profit de 23 journalistes ayant pr\u00e9sent\u00e9 les meilleurs dossiers. Le programme de cette formation fait une part belle aux discussions sur le code de conduite, aux normes internationales et aux normes de d\u00e9ontologie journalistiques, et de fa\u00e7on sp\u00e9cifique, les normes sur la couverture des sujets d\u2019ordre \u00e9conomique. Tout comme Florian Karner, le pr\u00e9sident de l\u2019Autorit\u00e9 nationale de la presse (ANP) de C\u00f4te d\u2019Ivoire, Rapha\u00ebl Lakp\u00e9, a insist\u00e9 sur le r\u00f4le du journaliste d\u2019investigation qu\u2019il a pr\u00e9sent\u00e9 comme \u00e9tant l\u2019un des \u00aboutils efficaces de lutte contre la corruption et un moyen de parvenir \u00e0 un journalisme de qualit\u00e9 qui contribue \u00e0 la d\u00e9mocratie, au d\u00e9veloppement\u2026.\u00bb. Le pr\u00e9sident de l\u2019ANP se dit convaincu que le journalisme d\u2019investigation peut produire des \u00abr\u00e9sultats extraordinaires\u00bb, dans l\u2019effort, pour faire \u00e9clater la v\u00e9rit\u00e9 \u00abdans notre soci\u00e9t\u00e9 min\u00e9e par toutes sortes de maux tels que les conflits g\u00e9opolitiques, les crimes \u00e9conomiques et financiers, la circulation des biens prohib\u00e9s et les contentieux historiques mal \u00e9lucid\u00e9s\u00bb. A l\u2019issue de cette session, les dix meilleurs participants b\u00e9n\u00e9ficieront d\u2019une subvention pour la r\u00e9daction d\u2019un article d\u2019investigation. Ces articles vont par la suite \u00eatre compil\u00e9s dans un manuel et rendus publics.<\/p>\n<p>Fr\u00e9d\u00e9ric OUEDRAOGO<br \/>De retour de Grand Bassam<\/p>\n<div class=\"td-a-rec td-a-rec-id-content_bottom td_uid_31_5cf837c46b1d0_rand td_block_template_1\"><img loading=\"lazy\" decoding=\"async\" class=\"alignright size-full wp-image-1724\" src=\"https:\/\/www.sidwaya.info\/wp-content\/uploads\/2018\/12\/sidwaya-pub.jpg\" alt=\"\" width=\"720\" height=\"90\"\/><\/div>\n<p>Auteur: BM. Sidwaya<br \/>\n<a href=\"https:\/\/www.sidwaya.info\/blog\/2019\/06\/05\/investigation-economique\/\">Cliquez ici pour lire l&rsquo;article depuis sa source.<\/a><\/p>\n","protected":false},"excerpt":{"rendered":"<p>La fondation Konrad Adenauer Stiftung a organis\u00e9, du 27 mai au 1er juin 2019 \u00e0 Grand-Bassam, en R\u00e9publique de C\u00f4te d\u2019Ivoire, un atelier sous r\u00e9gional \u00e0 l\u2019intention de 23 hommes de m\u00e9dias de cinq pays. Cette session avait pour but de les outiller davantage \u00e0 l\u2019investigation \u00e9conomique. Cet atelier sous r\u00e9gional fait suite \u00e0 un [&hellip;]<\/p>\n","protected":false},"author":1816,"featured_media":0,"comment_status":"closed","ping_status":"closed","sticky":false,"template":"","format":"standard","meta":{"fifu_image_url":"","fifu_image_alt":"","footnotes":""},"categories":[73,81],"tags":[],"class_list":["post-38897","post","type-post","status-publish","format-standard","hentry","category-actualite","category-burkina-faso"],"_links":{"self":[{"href":"https:\/\/linitiative.ca\/International\/wp-json\/wp\/v2\/posts\/38897","targetHints":{"allow":["GET"]}}],"collection":[{"href":"https:\/\/linitiative.ca\/International\/wp-json\/wp\/v2\/posts"}],"about":[{"href":"https:\/\/linitiative.ca\/International\/wp-json\/wp\/v2\/types\/post"}],"author":[{"embeddable":true,"href":"https:\/\/linitiative.ca\/International\/wp-json\/wp\/v2\/users\/1816"}],"replies":[{"embeddable":true,"href":"https:\/\/linitiative.ca\/International\/wp-json\/wp\/v2\/comments?post=38897"}],"version-history":[{"count":0,"href":"https:\/\/linitiative.ca\/International\/wp-json\/wp\/v2\/posts\/38897\/revisions"}],"wp:attachment":[{"href":"https:\/\/linitiative.ca\/International\/wp-json\/wp\/v2\/media?parent=38897"}],"wp:term":[{"taxonomy":"category","embeddable":true,"href":"https:\/\/linitiative.ca\/International\/wp-json\/wp\/v2\/categories?post=38897"},{"taxonomy":"post_tag","embeddable":true,"href":"https:\/\/linitiative.ca\/International\/wp-json\/wp\/v2\/tags?post=38897"}],"curies":[{"name":"wp","href":"https:\/\/api.w.org\/{rel}","templated":true}]}}