{"id":38899,"date":"2019-06-05T17:16:44","date_gmt":"2019-06-05T21:16:44","guid":{"rendered":"https:\/\/linitiative.ca\/International\/assemblee-nationale-la-majorite-parlementaire-juge-le-bilan-satisfaisant-2\/"},"modified":"2019-06-05T17:16:44","modified_gmt":"2019-06-05T21:16:44","slug":"assemblee-nationale-la-majorite-parlementaire-juge-le-bilan-satisfaisant-2","status":"publish","type":"post","link":"https:\/\/linitiative.ca\/International\/assemblee-nationale-la-majorite-parlementaire-juge-le-bilan-satisfaisant-2\/","title":{"rendered":"Assembl\u00e9e nationale: la majorit\u00e9 parlementaire juge  le bilan satisfaisant"},"content":{"rendered":"<div class=\"td-post-featured-image\"><a href=\"https:\/\/i0.wp.com\/www.sidwaya.info\/wp-content\/uploads\/2019\/06\/anpolic6.jpg?fit=787%2C525&#038;ssl=1\" data-caption=\"\"><img loading=\"lazy\" decoding=\"async\" width=\"696\" height=\"464\" class=\"entry-thumb td-modal-image\" src=\"https:\/\/i0.wp.com\/www.sidwaya.info\/wp-content\/uploads\/2019\/06\/anpolic6.jpg?resize=696%2C464&#038;ssl=1\" srcset=\"https:\/\/i0.wp.com\/www.sidwaya.info\/wp-content\/uploads\/2019\/06\/anpolic6.jpg?w=787&#038;ssl=1 787w, https:\/\/i0.wp.com\/www.sidwaya.info\/wp-content\/uploads\/2019\/06\/anpolic6.jpg?resize=300%2C200&#038;ssl=1 300w, https:\/\/i0.wp.com\/www.sidwaya.info\/wp-content\/uploads\/2019\/06\/anpolic6.jpg?resize=768%2C512&#038;ssl=1 768w, https:\/\/i0.wp.com\/www.sidwaya.info\/wp-content\/uploads\/2019\/06\/anpolic6.jpg?resize=696%2C464&#038;ssl=1 696w, https:\/\/i0.wp.com\/www.sidwaya.info\/wp-content\/uploads\/2019\/06\/anpolic6.jpg?resize=630%2C420&#038;ssl=1 630w\" sizes=\"auto, (max-width: 696px) 100vw, 696px\" alt=\"\" title=\"anpolic6\"\/><\/a><\/div>\n<div class=\"td-a-rec td-a-rec-id-content_top td_uid_30_5cf837cabd7ea_rand td_block_template_1\"><img loading=\"lazy\" decoding=\"async\" class=\"aligncenter size-full wp-image-4463\" src=\"https:\/\/www.sidwaya.info\/wp-content\/uploads\/2019\/02\/FESPACO-TOUR-2019-Bannie%CC%80re-728x90-1.jpg\" alt=\"\" width=\"728\" height=\"90\"\/><\/div>\n<p><strong>La majorit\u00e9 parlementaire a anim\u00e9, le mercredi 5 juin 2019, une conf\u00e9rence de presse sur la premi\u00e8re session ordinaire de l\u2019Assembl\u00e9e nationale. Le bilan du travail parlementaire ayant permis l\u2019adoption de 42 projets de lois est \u00absatisfaisant\u00bb pour l\u2019alliance.<\/strong><\/p>\n<p>Les d\u00e9put\u00e9s des groupes parlementaires du Mouvement du peuple pour le progr\u00e8s (MPP) et Burkindlim qui forment la majorit\u00e9 parlementaire sont satisfaits du bilan de la premi\u00e8re session ordinaire de l\u2019Assembl\u00e9e nationale, cl\u00f4tur\u00e9e le 3 juin 2019. Ils l\u2019ont fait savoir au cours d\u2019une conf\u00e9rence de presse, tenue le mercredi 5 juin dernier au si\u00e8ge du parlement \u00e0 Ouagadougou, pour faire le point du travail parlementaire des trois mois \u00e9coul\u00e9s. Selon le pr\u00e9sident du groupe parlementaire MPP, Alexandre Siguian Tapsoba, ce sont au total 42 projets de lois qui ont \u00e9t\u00e9 adopt\u00e9s au terme des 90 jours de session. Les plus embl\u00e9matiques sont, entre autres, les projets de lois portant sur la mise en \u0153uvre du Trait\u00e9 sur le commerce des armes, l\u2019organisation judicaire et le Code de proc\u00e9dure p\u00e9nale. Sans oublier les textes sur la r\u00e9glementation de l\u2019\u00e9tat d\u2019urgence et de l\u2019\u00e9tat de si\u00e8ge au Burkina Faso. Quant aux conventions de rectification d\u2019accords de pr\u00eats, leur montant cumul\u00e9 s\u2019\u00e9l\u00e8ve \u00e0 plus de 768 milliards F CFA destin\u00e9s \u00e0 renflouer les caisses de l\u2019Etat burkinab\u00e8 principalement pour le financement des projets de d\u00e9veloppement au profit des populations. Au nombre de ces projets, Alexandre Tapsoba a cit\u00e9 la construction de la route Tougan-Ouahigouya, l\u2019implantation d\u2019une usine de transformation de tomates et de mangues, le Projet d\u2019appui \u00e0 l\u2019enseignement sup\u00e9rieur (PAES) et le programme de d\u00e9veloppement des \u00e9conomies locales dans sept r\u00e9gions du pays dont celles du Sahel, du Nord, de l\u2019Est et de la Boucle du Mouhoun touch\u00e9es par les attaques terroristes. Dans l\u2019exercice du contr\u00f4le de l\u2019action gouvernementale, l\u2019ex\u00e9cutif a \u00e9t\u00e9 interpell\u00e9 par les d\u00e9put\u00e9s \u00e0 travers des questions orales et des questions d\u2019actualit\u00e9. Les missions parlementaires effectu\u00e9es dans des pays amis du Burkina Faso ainsi que la participation de d\u00e9put\u00e9s aux travaux des Parlements communautaires viennent compl\u00e9ter la liste des r\u00e9sultats engrang\u00e9s pendant la session des lois qui vient de s\u2019achever.<\/p>\n<p>\u00abPas de vote m\u00e9canique\u00bb<\/p>\n<p>Ces acquis ont \u00e9t\u00e9 obtenus dans un contexte particulier, de l\u2019avis du principal animateur de la rencontre. \u00abCette session a \u00e9t\u00e9 assez \u00e9prouvante mais passionnante. Le combat pour la d\u00e9mocratie n\u2019ayant pas de prix, nous continuerons de jouer notre partition pour que le Burkina Faso retrouve sa qui\u00e9tude et poursuive sa marche vers le progr\u00e8s\u00bb, a indiqu\u00e9 M.Tapsoba. A l\u2019occasion, les journalistes ont soulev\u00e9 des pr\u00e9occupations relatives \u00e0 l\u2019actualit\u00e9. Quelles sont les dispositions prises par les d\u00e9put\u00e9s de la majorit\u00e9 pour l\u2019appropriation des lois par les populations\u00a0? R\u00e9pondant \u00e0 cette question, Me B\u00e9n\u00e9wend\u00e9 Stanisalas Sankara, membre du groupe Burkindlim, par ailleurs premier vice-pr\u00e9sident de l\u2019Assembl\u00e9e nationale, a fait savoir qu\u2019au nom d\u2019une certaine redevabilit\u00e9 institu\u00e9e sous la l\u00e9gislature en cours, chaque d\u00e9put\u00e9 a l\u2019obligation de retourner dans sa circonscription pour rendre compte aux populations qui l\u2019ont mandat\u00e9. \u00abAussi, la retransmission en direct des pl\u00e9ni\u00e8res sur les m\u00e9dias participent de cette mission de vulgarisation des lois\u00bb, a-t-il ajout\u00e9. A la question de savoir si les projets transmis par le gouvernement ne passent pas comme une lettre \u00e0 la poste, le d\u00e9put\u00e9 Lassina Ouattara du MPP a r\u00e9pondu par la n\u00e9gative. \u00abLe r\u00f4le de l\u2019Assembl\u00e9e nationale n\u2019est pas de rejeter des projets de lois, mais plut\u00f4t de les affiner. Cependant, s\u2019il y a lieu de rejeter un texte pour des raisons objectives, nous la rejetterons\u00bb, a expliqu\u00e9 M. Ouattara. Et le pr\u00e9sident du groupe parlementaire Burkindlim, Emmanuel Lankoand\u00e9, de rench\u00e9rir\u00a0: \u00abOn peut tout reprocher \u00e0 la VIIe l\u00e9gislature sauf le vote m\u00e9canique des lois \u00e0 l\u2019h\u00e9micycle\u00bb. Pour ce dernier, il suffit de voir le niveau des d\u00e9bats et les qualit\u00e9s des hommes qui l\u2019animent pour s\u2019en convaincre. Sur la question de la fronde sociale, les conf\u00e9renciers estiment que l\u2019ex\u00e9cutif et les partenaires sociaux doivent imp\u00e9rativement se retrouver autour de la m\u00eame table pour un dialogue franc et sinc\u00e8re.<\/p>\n<p>Beyon Romain NEBIE<br \/>nbeyonromain@yahoo.fr<\/p>\n<div class=\"td-a-rec td-a-rec-id-content_bottom td_uid_31_5cf837cabdacc_rand td_block_template_1\"><img loading=\"lazy\" decoding=\"async\" class=\"alignright size-full wp-image-1724\" src=\"https:\/\/www.sidwaya.info\/wp-content\/uploads\/2018\/12\/sidwaya-pub.jpg\" alt=\"\" width=\"720\" height=\"90\"\/><\/div>\n<p>Auteur: BM. Sidwaya<br \/>\n<a href=\"https:\/\/www.sidwaya.info\/blog\/2019\/06\/05\/assemblee-nationale-la-majorite-parlementaire-juge-le-bilan-satisfaisant-2\/\">Cliquez ici pour lire l&rsquo;article depuis sa source.<\/a><\/p>\n","protected":false},"excerpt":{"rendered":"<p>La majorit\u00e9 parlementaire a anim\u00e9, le mercredi 5 juin 2019, une conf\u00e9rence de presse sur la premi\u00e8re session ordinaire de l\u2019Assembl\u00e9e nationale. Le bilan du travail parlementaire ayant permis l\u2019adoption de 42 projets de lois est \u00absatisfaisant\u00bb pour l\u2019alliance. Les d\u00e9put\u00e9s des groupes parlementaires du Mouvement du peuple pour le progr\u00e8s (MPP) et Burkindlim qui [&hellip;]<\/p>\n","protected":false},"author":1816,"featured_media":0,"comment_status":"closed","ping_status":"closed","sticky":false,"template":"","format":"standard","meta":{"fifu_image_url":"","fifu_image_alt":"","footnotes":""},"categories":[73,81],"tags":[],"class_list":["post-38899","post","type-post","status-publish","format-standard","hentry","category-actualite","category-burkina-faso"],"_links":{"self":[{"href":"https:\/\/linitiative.ca\/International\/wp-json\/wp\/v2\/posts\/38899","targetHints":{"allow":["GET"]}}],"collection":[{"href":"https:\/\/linitiative.ca\/International\/wp-json\/wp\/v2\/posts"}],"about":[{"href":"https:\/\/linitiative.ca\/International\/wp-json\/wp\/v2\/types\/post"}],"author":[{"embeddable":true,"href":"https:\/\/linitiative.ca\/International\/wp-json\/wp\/v2\/users\/1816"}],"replies":[{"embeddable":true,"href":"https:\/\/linitiative.ca\/International\/wp-json\/wp\/v2\/comments?post=38899"}],"version-history":[{"count":0,"href":"https:\/\/linitiative.ca\/International\/wp-json\/wp\/v2\/posts\/38899\/revisions"}],"wp:attachment":[{"href":"https:\/\/linitiative.ca\/International\/wp-json\/wp\/v2\/media?parent=38899"}],"wp:term":[{"taxonomy":"category","embeddable":true,"href":"https:\/\/linitiative.ca\/International\/wp-json\/wp\/v2\/categories?post=38899"},{"taxonomy":"post_tag","embeddable":true,"href":"https:\/\/linitiative.ca\/International\/wp-json\/wp\/v2\/tags?post=38899"}],"curies":[{"name":"wp","href":"https:\/\/api.w.org\/{rel}","templated":true}]}}