{"id":38900,"date":"2019-06-05T17:21:26","date_gmt":"2019-06-05T21:21:26","guid":{"rendered":"https:\/\/linitiative.ca\/International\/la-finale-de-la-honte\/"},"modified":"2019-06-05T17:21:26","modified_gmt":"2019-06-05T21:21:26","slug":"la-finale-de-la-honte","status":"publish","type":"post","link":"https:\/\/linitiative.ca\/International\/la-finale-de-la-honte\/","title":{"rendered":"La finale de la honte !"},"content":{"rendered":"<div class=\"td-post-featured-image\"><a href=\"https:\/\/i2.wp.com\/www.sidwaya.info\/wp-content\/uploads\/2019\/06\/Regard06.jpg?fit=379%2C178&#038;ssl=1\" data-caption=\"\"><img loading=\"lazy\" decoding=\"async\" width=\"379\" height=\"178\" class=\"entry-thumb td-modal-image\" src=\"https:\/\/i2.wp.com\/www.sidwaya.info\/wp-content\/uploads\/2019\/06\/Regard06.jpg?resize=379%2C178&#038;ssl=1\" srcset=\"https:\/\/i2.wp.com\/www.sidwaya.info\/wp-content\/uploads\/2019\/06\/Regard06.jpg?w=379&#038;ssl=1 379w, https:\/\/i2.wp.com\/www.sidwaya.info\/wp-content\/uploads\/2019\/06\/Regard06.jpg?resize=300%2C141&#038;ssl=1 300w\" sizes=\"auto, (max-width: 379px) 100vw, 379px\" alt=\"\" title=\"Regard06\"\/><\/a><\/div>\n<div class=\"td-a-rec td-a-rec-id-content_top td_uid_30_5cf837cdb835c_rand td_block_template_1\"><img loading=\"lazy\" decoding=\"async\" class=\"aligncenter size-full wp-image-4463\" src=\"https:\/\/www.sidwaya.info\/wp-content\/uploads\/2019\/02\/FESPACO-TOUR-2019-Bannie%CC%80re-728x90-1.jpg\" alt=\"\" width=\"728\" height=\"90\"\/><\/div>\n<p>La sentence est tomb\u00e9e\u00a0hier, 5 juin 2019 \u00e0 Paris ! Le Comit\u00e9 ex\u00e9cutif (ComEx) de la Conf\u00e9d\u00e9ration africaine de football (CAF), en r\u00e9union d\u2019urgence, a d\u00e9cid\u00e9 que la finale-retour de la Ligue des champions africaine, Esp\u00e9rance Sportive de Tunis-Wydad Athl\u00e9tic club de Casablanca (WAC), sera rejou\u00e9e sur un terrain neutre, apr\u00e8s la Coupe d\u2019Afrique des nations (CAN) 2019. Le score du match aller (1-1) est conserv\u00e9 et les Tunisiens devront rendre les m\u00e9dailles et le troph\u00e9e de vainqueur. C\u2019est la cons\u00e9quence du spectacle d\u00e9solant que le football africain a donn\u00e9 \u00e0 voir le 31 mai 2019 \u00e0 Rad\u00e8s, en Tunisie. En effet, ce jour-l\u00e0, au stade de Rad\u00e8s de Tunis, le match entre l\u2019Esp\u00e9rance sportive et le WAC a \u00e9t\u00e9 interrompu \u00e0 la 58e mn, pendant que l\u2019Esp\u00e9rance menait 1-0. En cet instant pr\u00e9cis, les visiteurs inscrivent un but, synonyme d\u2019\u00e9galisation et qui maintenait ipso facto un suspense, puisqu\u2019au match aller disput\u00e9 le 24 mai \u00e0 Rabat, la confrontation s\u2019\u00e9tait sold\u00e9e par un score de 1-1. Pendant que les Marocains jubilaient, coup de tonnerre, l\u2019arbitre gambien, Bakary Papa Gassama, invalide le but, pour position avanc\u00e9e du buteur. Place donc au triste spectacle de joueurs qui prennent \u00e0 partie l\u2019arbitre, d\u2019\u00e9chauffour\u00e9es par-ci, par-l\u00e0 et d\u2019un pr\u00e9sident de la CAF, Ahmad Ahmad, himself, qui descend sur la pelouse pour parler aux arbitres. Il n\u2019en fallait pas plus pour que les Marocains protestent \u00e9nergiquement aupr\u00e8s de l\u2019arbitre pour exiger la VAR, l\u2019assistance vid\u00e9o. Mais impensable, inimaginable, pour une finale, la VAR qui \u00e9tait pourtant annonc\u00e9e n\u2019\u00e9tait pas op\u00e9rationnelle. Que peut donc faire l\u2019arbitre face \u00e0 cette requ\u00eate justifi\u00e9e des Marocains ? Des pourparlers s\u2019engagent, des \u00e9chauffour\u00e9es aussi. Le pr\u00e9sident de la CAF, Ahmad Ahmad et les t\u00e9l\u00e9spectateurs du monde entier sont m\u00e9dus\u00e9s par le refus cat\u00e9gorique des Marocains de reprendre la partie. Celle-ci ne reprendra plus, apr\u00e8s 1h30 d\u2019arr\u00eat. L\u2019Esperance de Tunis est alors sacr\u00e9e championne. Pourtant, lors de la finale-aller, disput\u00e9e une semaine plus t\u00f4t, les Marocains s\u2019\u00e9taient vu refuser deux buts, et la F\u00e9d\u00e9ration royale marocaine de football \u00e9tait mont\u00e9e au cr\u00e9neau, protestant \u00e9nergiquement et d\u00e9posant une r\u00e9clamation aupr\u00e8s de la CAF contre l\u2019arbitrage de l\u2019Egyptien Gehad Grisha. La CAF a reconnu la pertinence de la r\u00e9clamation marocaine apr\u00e8s le visionnement des faits de jeu incrimin\u00e9s. Cons\u00e9quence, l\u2019arbitre a \u00e9t\u00e9 suspendu pour 6 mois. Apr\u00e8s la r\u00e9union du ComEx de la CAF, le WAC semble donc avoir \u00e9t\u00e9 r\u00e9tabli dans ses droits. Cependant la v\u00e9ritable inqui\u00e9tude qui hante les acteurs du football africain est de savoir si la VAR qui sera utilis\u00e9e \u00e0 partir des quarts de finale de la CAN qui d\u00e9bute le 21 juin prochain en Egypte tiendra la route. En effet, si la CAF est incapable de faire fonctionner l\u2019assistance vid\u00e9o en un ou deux matchs, pourra-t-elle le faire pour les matchs des quart, demi et finales de la comp\u00e9tition\u00a0? C\u2019est dire donc qu\u2019en cas de dysfonctionnement, les contestations seront l\u00e9gion et la CAF doit revoir sa copie puisque l\u2019utilisation de la VAR commence \u00e0 entacher s\u00e9rieusement l\u2019image du continent et de son football. Lorsque l\u2019on veut faire appel \u00e0 des technologies pour am\u00e9liorer les choses, il faut se donner les moyens. Il faudra donc \u00e0 l\u2019instance dirigeante du football africain d\u2019\u00eatre r\u00e9aliste et de prendre la bonne d\u00e9cision les jours \u00e0 venir. L\u2019image du continent a \u00e9t\u00e9 d\u00e9j\u00e0 trop \u00e9corn\u00e9e. En attendant, la finale de la honte se rejouera apr\u00e8s la CAN.<\/p>\n<p>Barth\u00e9lemy KABORE &#038;<br \/>Jean-Marie TOE<\/p>\n<div class=\"td-a-rec td-a-rec-id-content_bottom td_uid_31_5cf837cdb84fb_rand td_block_template_1\"><img loading=\"lazy\" decoding=\"async\" class=\"alignright size-full wp-image-1724\" src=\"https:\/\/www.sidwaya.info\/wp-content\/uploads\/2018\/12\/sidwaya-pub.jpg\" alt=\"\" width=\"720\" height=\"90\"\/><\/div>\n<p>Auteur: BM. Sidwaya<br \/>\n<a href=\"https:\/\/www.sidwaya.info\/blog\/2019\/06\/05\/la-finale-de-la-honte\/\">Cliquez ici pour lire l&rsquo;article depuis sa source.<\/a><\/p>\n","protected":false},"excerpt":{"rendered":"<p>La sentence est tomb\u00e9e\u00a0hier, 5 juin 2019 \u00e0 Paris ! Le Comit\u00e9 ex\u00e9cutif (ComEx) de la Conf\u00e9d\u00e9ration africaine de football (CAF), en r\u00e9union d\u2019urgence, a d\u00e9cid\u00e9 que la finale-retour de la Ligue des champions africaine, Esp\u00e9rance Sportive de Tunis-Wydad Athl\u00e9tic club de Casablanca (WAC), sera rejou\u00e9e sur un terrain neutre, apr\u00e8s la Coupe d\u2019Afrique des [&hellip;]<\/p>\n","protected":false},"author":1816,"featured_media":0,"comment_status":"closed","ping_status":"closed","sticky":false,"template":"","format":"standard","meta":{"fifu_image_url":"","fifu_image_alt":"","footnotes":""},"categories":[73,81],"tags":[],"class_list":["post-38900","post","type-post","status-publish","format-standard","hentry","category-actualite","category-burkina-faso"],"_links":{"self":[{"href":"https:\/\/linitiative.ca\/International\/wp-json\/wp\/v2\/posts\/38900","targetHints":{"allow":["GET"]}}],"collection":[{"href":"https:\/\/linitiative.ca\/International\/wp-json\/wp\/v2\/posts"}],"about":[{"href":"https:\/\/linitiative.ca\/International\/wp-json\/wp\/v2\/types\/post"}],"author":[{"embeddable":true,"href":"https:\/\/linitiative.ca\/International\/wp-json\/wp\/v2\/users\/1816"}],"replies":[{"embeddable":true,"href":"https:\/\/linitiative.ca\/International\/wp-json\/wp\/v2\/comments?post=38900"}],"version-history":[{"count":0,"href":"https:\/\/linitiative.ca\/International\/wp-json\/wp\/v2\/posts\/38900\/revisions"}],"wp:attachment":[{"href":"https:\/\/linitiative.ca\/International\/wp-json\/wp\/v2\/media?parent=38900"}],"wp:term":[{"taxonomy":"category","embeddable":true,"href":"https:\/\/linitiative.ca\/International\/wp-json\/wp\/v2\/categories?post=38900"},{"taxonomy":"post_tag","embeddable":true,"href":"https:\/\/linitiative.ca\/International\/wp-json\/wp\/v2\/tags?post=38900"}],"curies":[{"name":"wp","href":"https:\/\/api.w.org\/{rel}","templated":true}]}}