{"id":38901,"date":"2019-06-05T13:50:12","date_gmt":"2019-06-05T17:50:12","guid":{"rendered":"https:\/\/linitiative.ca\/International\/senegal-macky-sall-denonce-une-destabilisation-apres-les-accusations-contre-son-frere\/"},"modified":"2019-06-05T13:50:12","modified_gmt":"2019-06-05T17:50:12","slug":"senegal-macky-sall-denonce-une-destabilisation-apres-les-accusations-contre-son-frere","status":"publish","type":"post","link":"https:\/\/linitiative.ca\/International\/senegal-macky-sall-denonce-une-destabilisation-apres-les-accusations-contre-son-frere\/","title":{"rendered":"S\u00e9n\u00e9gal: Macky Sall d\u00e9nonce une \u00ab\u00a0d\u00e9stabilisation\u00a0\u00bb apr\u00e8s les accusations contre son fr\u00e8re"},"content":{"rendered":"<div readability=\"32\">\n<p>Publi\u00e9 le 05.06.2019 \u00e0 18h50 par AFP<\/p>\n<\/div>\n<div readability=\"102\">\n<p>Le pr\u00e9sident s\u00e9n\u00e9galais Macky Sall a d\u00e9nonc\u00e9 mercredi une tentative de \u00ab\u00a0d\u00e9stabilisation\u00a0\u00bb, trois jours apr\u00e8s des accusations de corruption port\u00e9es contre l\u2019un de ses fr\u00e8res dans un reportage de la BBC consacr\u00e9 au prometteur secteur gazier et p\u00e9trolier de ce pays d\u2019Afrique de l\u2019Ouest.<\/p>\n<p>\u00ab\u00a0Nous savons que l\u00e0 o\u00f9 il y a du p\u00e9trole, certains vont tenter de d\u00e9stabiliser le pays (\u2026) Le gouvernement va poursuivre cette affaire\u00a0\u00bb, a d\u00e9clar\u00e9 Macky Sall apr\u00e8s la pri\u00e8re de l\u2019A\u00efd al-Fitr marquant la fin du ramadan, alors que l\u2019exploitation d\u2019importantes r\u00e9serves au large du S\u00e9n\u00e9gal devrait commencer d\u2019ici \u00e0 2021-2022.<\/p>\n<p>\u00ab\u00a0Je tiens \u00e0 ce que la v\u00e9rit\u00e9 soit r\u00e9tablie\u00a0\u00bb, a-t-il dit, sans citer le nom de son fr\u00e8re en raison du \u00ab\u00a0caract\u00e8re priv\u00e9\u00a0\u00bb de cette mise en cause.<\/p>\n<p>R\u00e9clamant des preuves, il a promis : \u00ab\u00a0S\u2019il faut sanctionner, nous allons sanctionner\u00a0\u00bb.<\/p>\n<p>\u00ab\u00a0Toutefois, nous n\u2019accepterons pas de fausses accusations\u00a0\u00bb, a averti le chef de l\u2019Etat, \u00e9lu en 2012 et r\u00e9\u00e9lu en f\u00e9vrier dernier, en assurant que \u00ab\u00a0jamais un pays n\u2019a pris autant de dispositions pour \u00e9viter les \u00e9cueils par rapport aux ressources qui vont \u00eatre exploit\u00e9es dans les prochaines ann\u00e9es\u00a0\u00bb.<\/p>\n<p>En juin 2012, peu apr\u00e8s son \u00e9lection, Macky Sall avait confirm\u00e9 la d\u00e9cision de son pr\u00e9d\u00e9cesseur, Abdoulaye Wade, d\u2019attribuer l\u2019exploitation de deux champs p\u00e9troliers et gaziers au large du S\u00e9n\u00e9gal \u00e0 la soci\u00e9t\u00e9 Timis Corporation de l\u2019homme d\u2019affaires australo-roumain Frank Timis, novice dans le secteur.<\/p>\n<p>Dimanche, la BBC a affirm\u00e9 que ce m\u00eame groupe avait secr\u00e8tement vers\u00e9 deux ans plus tard une prime de 250.000 dollars \u00e0 Agritrans, une soci\u00e9t\u00e9 contr\u00f4l\u00e9e par Aliou Sall, fr\u00e8re cadet de Macky Sall. Aliou Sall a qualifi\u00e9 mardi de \u00ab\u00a0totalement fausses\u00a0\u00bb ces informations et promis de poursuivre la BBC en diffamation.<\/p>\n<p>Le d\u00e9put\u00e9 Ousmane Sonko, candidat malheureux \u00e0 la derni\u00e8re pr\u00e9sidentielle, s\u2019est dit mercredi \u00ab\u00a0sid\u00e9r\u00e9\u00a0\u00bb par les explications de Macky Sall.<\/p>\n<p>\u00ab\u00a0Moi, Ousmane Sonko, je l\u2019accuse d\u2019\u00eatre le seul responsable de cette corruption qui en cache des dizaines d\u2019autres. Il est le responsable de faits caract\u00e9ristiques de haute trahison\u00a0\u00bb, a lanc\u00e9 sur Facebook le virulent d\u00e9put\u00e9, dont le credo m\u00eale patriotisme \u00e9conomique et d\u00e9nonciation de la mal-gouvernance. \u00ab\u00a0A chaque fois, la strat\u00e9gie a consist\u00e9 \u00e0 tenter d\u2019allumer un contre-feu en se cachant l\u00e2chement derri\u00e8re l\u2019argument d\u2019une pr\u00e9tendue +manipulation d\u2019opposants+ ou d\u2019une +tentative de d\u00e9stabilisation de notre pays par des forces obscures+\u00a0\u00bb.<\/p>\n<p>La BBC affirme \u00e9galement que les participations de Timis Corporation ont \u00e9t\u00e9 rachet\u00e9es par le g\u00e9ant p\u00e9trolier BP en 2017 pour 250 millions de dollars, assorti de redevances de quelque 10 milliards de dollars sur 40 ans, privant la population d\u2019importants revenus alors que le S\u00e9n\u00e9gal figure parmi les 25 pays les plus pauvres au monde. BP a assur\u00e9 avoir effectu\u00e9 toutes les v\u00e9rifications n\u00e9cessaires en mati\u00e8re d\u2019\u00e9thique avant de signer ce contrat.<\/p>\n<\/div>\n<p>Auteur: AFP<br \/>\n<a href=\"https:\/\/www.journalducameroun.com\/senegal-macky-sall-denonce-une-destabilisation-apres-les-accusations-contre-son-frere\/\">Cliquez ici pour lire l&rsquo;article depuis sa source.<\/a><\/p>\n","protected":false},"excerpt":{"rendered":"<p>Publi\u00e9 le 05.06.2019 \u00e0 18h50 par AFP Le pr\u00e9sident s\u00e9n\u00e9galais Macky Sall a d\u00e9nonc\u00e9 mercredi une tentative de \u00ab\u00a0d\u00e9stabilisation\u00a0\u00bb, trois jours apr\u00e8s des accusations de corruption port\u00e9es contre l\u2019un de ses fr\u00e8res dans un reportage de la BBC consacr\u00e9 au prometteur secteur gazier et p\u00e9trolier de ce pays d\u2019Afrique de l\u2019Ouest. \u00ab\u00a0Nous savons que l\u00e0 [&hellip;]<\/p>\n","protected":false},"author":1965,"featured_media":0,"comment_status":"closed","ping_status":"closed","sticky":false,"template":"","format":"standard","meta":{"fifu_image_url":"","fifu_image_alt":"","footnotes":""},"categories":[73,82],"tags":[],"class_list":["post-38901","post","type-post","status-publish","format-standard","hentry","category-actualite","category-cameroun"],"_links":{"self":[{"href":"https:\/\/linitiative.ca\/International\/wp-json\/wp\/v2\/posts\/38901","targetHints":{"allow":["GET"]}}],"collection":[{"href":"https:\/\/linitiative.ca\/International\/wp-json\/wp\/v2\/posts"}],"about":[{"href":"https:\/\/linitiative.ca\/International\/wp-json\/wp\/v2\/types\/post"}],"author":[{"embeddable":true,"href":"https:\/\/linitiative.ca\/International\/wp-json\/wp\/v2\/users\/1965"}],"replies":[{"embeddable":true,"href":"https:\/\/linitiative.ca\/International\/wp-json\/wp\/v2\/comments?post=38901"}],"version-history":[{"count":0,"href":"https:\/\/linitiative.ca\/International\/wp-json\/wp\/v2\/posts\/38901\/revisions"}],"wp:attachment":[{"href":"https:\/\/linitiative.ca\/International\/wp-json\/wp\/v2\/media?parent=38901"}],"wp:term":[{"taxonomy":"category","embeddable":true,"href":"https:\/\/linitiative.ca\/International\/wp-json\/wp\/v2\/categories?post=38901"},{"taxonomy":"post_tag","embeddable":true,"href":"https:\/\/linitiative.ca\/International\/wp-json\/wp\/v2\/tags?post=38901"}],"curies":[{"name":"wp","href":"https:\/\/api.w.org\/{rel}","templated":true}]}}