{"id":38902,"date":"2019-06-05T14:18:30","date_gmt":"2019-06-05T18:18:30","guid":{"rendered":"https:\/\/linitiative.ca\/International\/caf-la-finale-retour-de-la-ligue-des-champions-dafrique-sera-rejouee-officiel\/"},"modified":"2019-06-05T14:18:30","modified_gmt":"2019-06-05T18:18:30","slug":"caf-la-finale-retour-de-la-ligue-des-champions-dafrique-sera-rejouee-officiel","status":"publish","type":"post","link":"https:\/\/linitiative.ca\/International\/caf-la-finale-retour-de-la-ligue-des-champions-dafrique-sera-rejouee-officiel\/","title":{"rendered":"CAF : La finale-retour de la Ligue des champions d\u2019Afrique sera rejou\u00e9e (officiel)"},"content":{"rendered":"<div readability=\"32\">\n<p>Publi\u00e9 le 05.06.2019 \u00e0 19h18 par APA News<\/p>\n<\/div>\n<div readability=\"73\">\n<p>La finale de la Ligue des champions d\u2019Afrique entre le Wydad de Casablanca et l\u2019Esp\u00e9rance de Tunis sera rejou\u00e9e dans un terrain neutre, a d\u00e9cid\u00e9 la Conf\u00e9d\u00e9ration Africaine de Football (CAF) mercredi \u00e0 Paris.\u00ab Le Comit\u00e9 ex\u00e9cutif, r\u00e9uni les 5 et 6 juin, a d\u00e9cid\u00e9 \u00e0 l\u2019unanimit\u00e9 de ses membres que vu les conditions de jeu et de s\u00e9curit\u00e9, la finale-retour entre l\u2019Esp\u00e9rance de Tunis et le Wydad de Casablanca \u00a0sera rejou\u00e9 \u00bb, a annonc\u00e9 le porte-parole de la CAF, Hadi Alam.<\/p>\n<p>Le Comit\u00e9 demande aussi \u00e0 l\u2019Esp\u00e9rance de Tunis de restituer \u00e0 la CAF le troph\u00e9e et m\u00e9dailles remis lors de la finale retour disput\u00e9e le 31 mai 2019 \u00e0 Tunis.<\/p>\n<p>\u00a0Pour ce qui est des autres aspects d\u2019arbitrage, ils seront soumis au Comit\u00e9 d\u2019arbitrage de la CAF pour prendre les d\u00e9cisions qui s\u2019imposent.<\/p>\n<p>Pour rappel, la r\u00e9union d\u2019urgence du comit\u00e9 ex\u00e9cutif de la Conf\u00e9d\u00e9ration africaine de football (CAF) a d\u00e9battu \u00ab des issues r\u00e9glementaires \u00bb \u00e0 r\u00e9server au match opposant l\u2019Esp\u00e9rance de Tunis (EST) et le Wydad de Casablanca au titre de la finale-retour de la Ligue des Champions d\u2019Afrique.<\/p>\n<p>La r\u00e9union a \u00e9t\u00e9 convoqu\u00e9e par le pr\u00e9sident de la CAF, Ahmad Ahmad, apr\u00e8s la fin chaotique qu\u2019a connue la finale retour de la Ligue des champions d\u2019Afrique entre l\u2019EST et le WAC.<\/p>\n<p>Lors de cette finale, disput\u00e9e vendredi dernier au stade olympique de Rad\u00e8s (banlieue de Tunis), l\u2019arbitre de la rencontre, le Gambien Bakary Gassama, a refus\u00e9 d\u2019accorder le but \u00e9galisateur du WAC inscrit par Walid Karti \u00e0 la 59\u00e8me minute pour un suppos\u00e9 hors-jeu sans qu\u2019il y ait possibilit\u00e9 de recourir \u00e0 la VAR d\u00e9faillante pour en confirmer la parfaite r\u00e9gularit\u00e9. Une mascarade arbitrale que communaut\u00e9 sportive mondiale a d\u00e9nonc\u00e9e.<\/p>\n<p>Le WAC \u00e9tait alors men\u00e9 au score (1-0) suite \u00e0 un but marqu\u00e9 \u00e0 la 41\u00e8me minute par Youssef Belaili.<\/p>\n<p>Le match aller disput\u00e9 le 24 mai 2019 \u00e0 Rabat s\u2019est sold\u00e9 par un nul positif (1-1).<\/p>\n<\/div>\n<p>Auteur: APA News<br \/>\n<a href=\"https:\/\/www.journalducameroun.com\/caf-la-finale-retour-de-la-ligue-des-champions-dafrique-sera-rejouee-officiel\/\">Cliquez ici pour lire l&rsquo;article depuis sa source.<\/a><\/p>\n","protected":false},"excerpt":{"rendered":"<p>Publi\u00e9 le 05.06.2019 \u00e0 19h18 par APA News La finale de la Ligue des champions d\u2019Afrique entre le Wydad de Casablanca et l\u2019Esp\u00e9rance de Tunis sera rejou\u00e9e dans un terrain neutre, a d\u00e9cid\u00e9 la Conf\u00e9d\u00e9ration Africaine de Football (CAF) mercredi \u00e0 Paris.\u00ab Le Comit\u00e9 ex\u00e9cutif, r\u00e9uni les 5 et 6 juin, a d\u00e9cid\u00e9 \u00e0 l\u2019unanimit\u00e9 [&hellip;]<\/p>\n","protected":false},"author":1965,"featured_media":0,"comment_status":"closed","ping_status":"closed","sticky":false,"template":"","format":"standard","meta":{"fifu_image_url":"","fifu_image_alt":"","footnotes":""},"categories":[73,82],"tags":[],"class_list":["post-38902","post","type-post","status-publish","format-standard","hentry","category-actualite","category-cameroun"],"_links":{"self":[{"href":"https:\/\/linitiative.ca\/International\/wp-json\/wp\/v2\/posts\/38902","targetHints":{"allow":["GET"]}}],"collection":[{"href":"https:\/\/linitiative.ca\/International\/wp-json\/wp\/v2\/posts"}],"about":[{"href":"https:\/\/linitiative.ca\/International\/wp-json\/wp\/v2\/types\/post"}],"author":[{"embeddable":true,"href":"https:\/\/linitiative.ca\/International\/wp-json\/wp\/v2\/users\/1965"}],"replies":[{"embeddable":true,"href":"https:\/\/linitiative.ca\/International\/wp-json\/wp\/v2\/comments?post=38902"}],"version-history":[{"count":0,"href":"https:\/\/linitiative.ca\/International\/wp-json\/wp\/v2\/posts\/38902\/revisions"}],"wp:attachment":[{"href":"https:\/\/linitiative.ca\/International\/wp-json\/wp\/v2\/media?parent=38902"}],"wp:term":[{"taxonomy":"category","embeddable":true,"href":"https:\/\/linitiative.ca\/International\/wp-json\/wp\/v2\/categories?post=38902"},{"taxonomy":"post_tag","embeddable":true,"href":"https:\/\/linitiative.ca\/International\/wp-json\/wp\/v2\/tags?post=38902"}],"curies":[{"name":"wp","href":"https:\/\/api.w.org\/{rel}","templated":true}]}}