{"id":38904,"date":"2019-06-05T14:50:01","date_gmt":"2019-06-05T18:50:01","guid":{"rendered":"https:\/\/linitiative.ca\/International\/soudan-les-principales-etapes-de-la-crise-depuis-lechec-des-pourparlers\/"},"modified":"2019-06-05T14:50:01","modified_gmt":"2019-06-05T18:50:01","slug":"soudan-les-principales-etapes-de-la-crise-depuis-lechec-des-pourparlers","status":"publish","type":"post","link":"https:\/\/linitiative.ca\/International\/soudan-les-principales-etapes-de-la-crise-depuis-lechec-des-pourparlers\/","title":{"rendered":"Soudan: les principales \u00e9tapes de la crise depuis l\u2019\u00e9chec des pourparlers"},"content":{"rendered":"<p>Voici les principales \u00e9tapes de la crise au Soudan, o\u00f9 la r\u00e9pression de la contestation a fait au moins une centaine de morts en trois jours.<\/p>\n<p>N\u00e9e en d\u00e9cembre d\u2019une col\u00e8re contre le triplement du prix du pain intervenu dans un contexte de crise \u00e9conomique et de mesures d\u2019aust\u00e9rit\u00e9, la contestation avait pris la forme, depuis le 6 avril, d\u2019un sit-in devant le quartier g\u00e9n\u00e9ral de l\u2019arm\u00e9e \u00e0 Khartoum pour r\u00e9clamer un changement de r\u00e9gime politique.<\/p>\n<p>Apr\u00e8s la destitution du pr\u00e9sident Omar el-B\u00e9chir par l\u2019arm\u00e9e le 11 avril, les milliers de protestataires avaient refus\u00e9 de lever le camp, r\u00e9clamant un transfert du pouvoir aux civils, jusqu\u2019\u00e0 leur brutale dispersion lundi.<\/p>\n<p>\u2013 Echec des n\u00e9gociations \u2013<\/p>\n<p>Le 20 mai, apr\u00e8s plusieurs avanc\u00e9es, les n\u00e9gociations entre les g\u00e9n\u00e9raux au pouvoir et les chefs de la contestation s\u2019ach\u00e8vent brusquement sans accord sur la composition d\u2019un Conseil souverain. Celui-ci devait assurer une transition de trois ans, avant un transfert du pouvoir aux civils. Les discussions achoppent car chaque camp souhaite diriger le Conseil et obtenir la majorit\u00e9 des si\u00e8ges.<\/p>\n<p>De leur c\u00f4t\u00e9, les mouvements islamistes font bloc derri\u00e8re l\u2019arm\u00e9e, en esp\u00e9rant pr\u00e9server la charia (loi islamique) en vigueur depuis le coup d\u2019Etat ayant port\u00e9 Omar el-B\u00e9chir au pouvoir en 1989.<\/p>\n<p>Une gr\u00e8ve g\u00e9n\u00e9rale est observ\u00e9e les 28 et 29 mai \u00e0 travers le pays par le mouvement de contestation, mobilisant divers secteurs d\u2019activit\u00e9, pour tenter de faire plier l\u2019arm\u00e9e.<\/p>\n<p>\u2013 Arabie, Emirats et Egypte soutiennent l\u2019arm\u00e9e \u2013<\/p>\n<p>Fin mai, le chef du Conseil militaire de transition, Abdel Fattah al-Burhane, se rend en Egypte, en Arabie saoudite et aux Emirats arabes unis, ces deux derniers pays du Golfe ayant annonc\u00e9 en avril une aide conjointe de trois milliards de dollars au Soudan.<\/p>\n<p>Selon les m\u00e9dias soudanais, le g\u00e9n\u00e9ral Burhane avait coordonn\u00e9, alors qu\u2019il \u00e9tait commandant des forces terrestres, l\u2019envoi de troupes au Y\u00e9men d\u00e9cid\u00e9 dans le cadre d\u2019une coalition militaire dirig\u00e9e par Ryad intervenue en 2015 pour soutenir le gouvernement y\u00e9m\u00e9nite face \u00e0 des rebelles accus\u00e9s de liens avec l\u2019Iran.<\/p>\n<p>\u00ab\u00a0Lors de sa visite dans le Golfe, la situation en Libye et au Y\u00e9men a \u00e9t\u00e9 rappel\u00e9e au g\u00e9n\u00e9ral\u00a0\u00bb Burhane, avec l\u2019id\u00e9e qu\u2019elle \u00e9tait le \u00ab\u00a0r\u00e9sultat du manque de d\u00e9termination des dirigeants\u00a0\u00bb, affirme Mathieu Guid\u00e8re, professeur \u00e0 l\u2019Universit\u00e9 de Paris-VIII et sp\u00e9cialiste du monde arabe.<\/p>\n<p>Selon cet expert, le pr\u00e9sident \u00e9gyptien Abdel Fattah al-Sissi, ancien militaire qui a pris le pouvoir en Egypte en 2013 apr\u00e8s une p\u00e9riode de troubles et au prix d\u2019une r\u00e9pression implacable, a \u00e9t\u00e9 pr\u00e9sent\u00e9 comme un mod\u00e8le.<\/p>\n<p>Fonci\u00e8rement hostiles aux soul\u00e8vements populaires dans la r\u00e9gion, Ryad, Le Caire et Abou Dhabi souhaitent \u00ab\u00a0maintenir le statu quo autoritaire\u00a0\u00bb, souligne pour sa part Karim Bitar, de l\u2019Institut des relations internationales et strat\u00e9giques (Iris).<\/p>\n<p>\u2013 Al-Jazeera ferm\u00e9e \u2013<\/p>\n<p>A contrario, le Qatar, alli\u00e9 historique d\u2019Omar el-B\u00e9chir et en conflit diplomatique avec l\u2019Arabie saoudite, les Emirats et l\u2019Egypte, semble avoir perdu de son influence depuis le d\u00e9but de la crise.<\/p>\n<p>Le g\u00e9n\u00e9ral Burhane \u00ab\u00a0a des liens plus \u00e9troits avec Abou Dhabi qu\u2019avec Doha\u00a0\u00bb, confirme Andreas Krieg, professeur au King\u2019s College de Londres.<\/p>\n<p>Le 31 mai, le Conseil militaire ferme le bureau \u00e0 Khartoum de la cha\u00eene d\u2019information qatarie Al-Jazeera, qui diffuse r\u00e9guli\u00e8rement des images des manifestations.<\/p>\n<p>\u2013 R\u00e9pression sanglante \u2013<\/p>\n<p>Le 3 juin, l\u2019arm\u00e9e, la police et des milices dispersent dans le sang le sit-in devant le QG de l\u2019arm\u00e9e \u00e0 Khartoum. Selon le comit\u00e9 central des m\u00e9decins, proche de la contestation, plus de 100 personnes ont depuis \u00e9t\u00e9 tu\u00e9es et des centaines bless\u00e9es.<\/p>\n<p>L\u2019internet mobile est par ailleurs coup\u00e9.<\/p>\n<p>D\u00e8s le lendemain, le 4, l\u2019arm\u00e9e d\u00e9clare caducs les accords conclus avec les contestataires et appelle \u00e0 des \u00e9lections dans \u00ab\u00a0neuf mois maximum\u00a0\u00bb. Les protestataires d\u00e9noncent un \u00ab\u00a0putsch\u00a0\u00bb.<\/p>\n<p>A Khartoum et dans tout le pays, des paramilitaires li\u00e9s \u00e0 l\u2019arm\u00e9e -les Forces de soutien rapide (RSF)- sont d\u00e9ploy\u00e9s, se livrant selon des t\u00e9moins \u00e0 des exactions, y compris dans les h\u00f4pitaux.<\/p>\n<p>Les RSF sont consid\u00e9r\u00e9es par beaucoup comme un avatar des milices Janjawid, qui dans un pass\u00e9 r\u00e9cent ont commis des atrocit\u00e9s de masse au Darfour (ouest).<\/p>\n<p>\u2013 Signaux contradictoires \u2013<\/p>\n<p>Mercredi 5 juin, alors que des coups de feu sont toujours entendus dans Khartoum, les g\u00e9n\u00e9raux se disent ouverts \u00e0 des n\u00e9gociations \u00ab\u00a0sans restriction\u00a0\u00bb, au lendemain d\u2019appels de la communaut\u00e9 internationale \u00e0 cesser les violences.<\/p>\n<p>Les chefs de la contestation rejettent la proposition de dialogue avec \u00ab\u00a0ce Conseil militaire qui tue des gens\u00a0\u00bb.<\/p>\n<p>Ryad dit suivre avec \u00ab\u00a0beaucoup d\u2019inqui\u00e9tude\u00a0\u00bb la situation, soulignant l\u2019importance d\u2019une \u00ab\u00a0reprise du dialogue entre les diff\u00e9rentes forces politiques\u00a0\u00bb.<\/p>\n<p>\u00ab\u00a0Nous ne permettrons pas le chaos\u00a0\u00bb, pr\u00e9vient de son c\u00f4t\u00e9 le N\u00b02 du Conseil militaire, Mohamad Hamdan Daglo dit \u00ab\u00a0Hemeidti\u00a0\u00bb, ancien chef des Janjawid qui dirige aujourd\u2019hui les paramilitaires des RSF.<\/p>\n<p>Auteur: AFP<br \/>\n<a href=\"https:\/\/www.journalducameroun.com\/soudan-les-principales-etapes-de-la-crise-depuis-lechec-des-pourparlers\/\">Cliquez ici pour lire l&rsquo;article depuis sa source.<\/a><\/p>\n","protected":false},"excerpt":{"rendered":"<p>Voici les principales \u00e9tapes de la crise au Soudan, o\u00f9 la r\u00e9pression de la contestation a fait au moins une centaine de morts en trois jours. N\u00e9e en d\u00e9cembre d\u2019une col\u00e8re contre le triplement du prix du pain intervenu dans un contexte de crise \u00e9conomique et de mesures d\u2019aust\u00e9rit\u00e9, la contestation avait pris la forme, [&hellip;]<\/p>\n","protected":false},"author":1965,"featured_media":0,"comment_status":"closed","ping_status":"closed","sticky":false,"template":"","format":"standard","meta":{"fifu_image_url":"","fifu_image_alt":"","footnotes":""},"categories":[73,82],"tags":[],"class_list":["post-38904","post","type-post","status-publish","format-standard","hentry","category-actualite","category-cameroun"],"_links":{"self":[{"href":"https:\/\/linitiative.ca\/International\/wp-json\/wp\/v2\/posts\/38904","targetHints":{"allow":["GET"]}}],"collection":[{"href":"https:\/\/linitiative.ca\/International\/wp-json\/wp\/v2\/posts"}],"about":[{"href":"https:\/\/linitiative.ca\/International\/wp-json\/wp\/v2\/types\/post"}],"author":[{"embeddable":true,"href":"https:\/\/linitiative.ca\/International\/wp-json\/wp\/v2\/users\/1965"}],"replies":[{"embeddable":true,"href":"https:\/\/linitiative.ca\/International\/wp-json\/wp\/v2\/comments?post=38904"}],"version-history":[{"count":0,"href":"https:\/\/linitiative.ca\/International\/wp-json\/wp\/v2\/posts\/38904\/revisions"}],"wp:attachment":[{"href":"https:\/\/linitiative.ca\/International\/wp-json\/wp\/v2\/media?parent=38904"}],"wp:term":[{"taxonomy":"category","embeddable":true,"href":"https:\/\/linitiative.ca\/International\/wp-json\/wp\/v2\/categories?post=38904"},{"taxonomy":"post_tag","embeddable":true,"href":"https:\/\/linitiative.ca\/International\/wp-json\/wp\/v2\/tags?post=38904"}],"curies":[{"name":"wp","href":"https:\/\/api.w.org\/{rel}","templated":true}]}}