{"id":38905,"date":"2019-06-05T15:50:02","date_gmt":"2019-06-05T19:50:02","guid":{"rendered":"https:\/\/linitiative.ca\/International\/144-000-migrants-arretes-en-mai-a-la-frontiere-sud-des-etats-unis\/"},"modified":"2019-06-05T15:50:02","modified_gmt":"2019-06-05T19:50:02","slug":"144-000-migrants-arretes-en-mai-a-la-frontiere-sud-des-etats-unis","status":"publish","type":"post","link":"https:\/\/linitiative.ca\/International\/144-000-migrants-arretes-en-mai-a-la-frontiere-sud-des-etats-unis\/","title":{"rendered":"144.000 migrants arr\u00eat\u00e9s en mai \u00e0 la fronti\u00e8re sud des Etats-Unis"},"content":{"rendered":"<div readability=\"32\">\n<p>Publi\u00e9 le 05.06.2019 \u00e0 20h50 par AFP<\/p>\n<\/div>\n<div readability=\"104\">\n<p>Plus de 144.000 migrants ont \u00e9t\u00e9 arr\u00eat\u00e9s \u00e0 la fronti\u00e8re sud des Etats-Unis en mai, en hausse de 32% par rapport au mois d\u2019avril, ont annonc\u00e9 mercredi les garde-fronti\u00e8res am\u00e9ricains.<\/p>\n<p>Parmi eux, plus de 57.000 \u00e9taient des mineurs, dont pr\u00e8s de 12.000 voyageant seuls, ont pr\u00e9cis\u00e9 les autorit\u00e9s.<\/p>\n<p>\u00ab\u00a0Nous sommes en urgence absolue, le syst\u00e8me ne fonctionne plus\u00a0\u00bb, a d\u00e9clar\u00e9 \u00e0 la presse le responsable par int\u00e9rim de la Police aux fronti\u00e8res (CBP) John Sanders.<\/p>\n<p>Apr\u00e8s l\u2019entr\u00e9e en fonction de Donald Trump en janvier 2017, les arrestations \u00e0 la fronti\u00e8re \u00e9taient inf\u00e9rieures \u00e0 20.000 par mois. Elles ont connu depuis une hausse constante, d\u00e9passant les 100.000 en mars et avril.<\/p>\n<p>Le milliardaire r\u00e9publicain, qui a fait de la lutte contre l\u2019immigration ill\u00e9gale un des marqueurs de sa pr\u00e9sidence, accuse le Mexique de laisser passer ces migrants et menace d\u2019imposer d\u00e8s lundi des taxes sur ses importations.<\/p>\n<p>Une d\u00e9l\u00e9gation mexicaine est attendue mercredi apr\u00e8s-midi \u00e0 la Maison Blanche, o\u00f9 elle va plaider contre ces droits de douane.<\/p>\n<p>Au-del\u00e0 des chiffres globaux, les donn\u00e9es d\u00e9mographiques des migrants interpell\u00e9s ont radicalement chang\u00e9.<\/p>\n<p>Il s\u2019agissait auparavant principalement d\u2019hommes seuls, souvent originaires du Mexique, venant travailler aux Etats-Unis.<\/p>\n<p>Mais en mai, pr\u00e8s de 90.000 des migrants appr\u00e9hend\u00e9s se trouvaient en famille, 12.000 \u00e9taient des mineurs non accompagn\u00e9s et seuls 43.000 des adultes seuls, selon les chiffres du CBP.<\/p>\n<p>La grande majorit\u00e9 des migrants viennent d\u00e9sormais du Honduras, du Salvador et du Guatemala, des pays parmi les plus pauvres et les plus violents du continent, et d\u00e9posent une demande d\u2019asile \u00e0 leur arriv\u00e9e.<\/p>\n<p>Et ils voyagent en groupe \u2014 des groupes dont la taille est de plus en plus grande.<\/p>\n<p>Un groupe de plus de 1.000 personnes a \u00e9t\u00e9 arr\u00eat\u00e9 la semaine derni\u00e8re, le plus grand groupe d\u2019\u00e9trangers ill\u00e9gaux appr\u00e9hend\u00e9 \u00e0 la fronti\u00e8re \u00e0 ce jour, ont rappel\u00e9 les garde-fronti\u00e8res.<\/p>\n<p>Autre \u00ab\u00a0premi\u00e8re\u00a0\u00bb, un groupe de 117 Africains, originaires du Congo, d\u2019Angola ou du Cameroun, a \u00e9t\u00e9 interpell\u00e9 en mai, ont-ils ajout\u00e9.<\/p>\n<p>Au total, 182 \u00ab\u00a0grands groupes\u00a0\u00bb (de plus de 100 personnes) ont \u00e9t\u00e9 arr\u00eat\u00e9s depuis le 1er octobre 2018 (soit le d\u00e9but de l\u2019ann\u00e9e fiscale 2019) contre 13 sur toute l\u2019ann\u00e9e fiscale 2018 ou deux sur l\u2019ann\u00e9e fiscale 2017.<\/p>\n<\/div>\n<p>Auteur: AFP<br \/>\n<a href=\"https:\/\/www.journalducameroun.com\/144-000-migrants-arretes-en-mai-a-la-frontiere-sud-des-etats-unis\/\">Cliquez ici pour lire l&rsquo;article depuis sa source.<\/a><\/p>\n","protected":false},"excerpt":{"rendered":"<p>Publi\u00e9 le 05.06.2019 \u00e0 20h50 par AFP Plus de 144.000 migrants ont \u00e9t\u00e9 arr\u00eat\u00e9s \u00e0 la fronti\u00e8re sud des Etats-Unis en mai, en hausse de 32% par rapport au mois d\u2019avril, ont annonc\u00e9 mercredi les garde-fronti\u00e8res am\u00e9ricains. Parmi eux, plus de 57.000 \u00e9taient des mineurs, dont pr\u00e8s de 12.000 voyageant seuls, ont pr\u00e9cis\u00e9 les autorit\u00e9s. [&hellip;]<\/p>\n","protected":false},"author":1965,"featured_media":0,"comment_status":"closed","ping_status":"closed","sticky":false,"template":"","format":"standard","meta":{"fifu_image_url":"","fifu_image_alt":"","footnotes":""},"categories":[73,82],"tags":[],"class_list":["post-38905","post","type-post","status-publish","format-standard","hentry","category-actualite","category-cameroun"],"_links":{"self":[{"href":"https:\/\/linitiative.ca\/International\/wp-json\/wp\/v2\/posts\/38905","targetHints":{"allow":["GET"]}}],"collection":[{"href":"https:\/\/linitiative.ca\/International\/wp-json\/wp\/v2\/posts"}],"about":[{"href":"https:\/\/linitiative.ca\/International\/wp-json\/wp\/v2\/types\/post"}],"author":[{"embeddable":true,"href":"https:\/\/linitiative.ca\/International\/wp-json\/wp\/v2\/users\/1965"}],"replies":[{"embeddable":true,"href":"https:\/\/linitiative.ca\/International\/wp-json\/wp\/v2\/comments?post=38905"}],"version-history":[{"count":0,"href":"https:\/\/linitiative.ca\/International\/wp-json\/wp\/v2\/posts\/38905\/revisions"}],"wp:attachment":[{"href":"https:\/\/linitiative.ca\/International\/wp-json\/wp\/v2\/media?parent=38905"}],"wp:term":[{"taxonomy":"category","embeddable":true,"href":"https:\/\/linitiative.ca\/International\/wp-json\/wp\/v2\/categories?post=38905"},{"taxonomy":"post_tag","embeddable":true,"href":"https:\/\/linitiative.ca\/International\/wp-json\/wp\/v2\/tags?post=38905"}],"curies":[{"name":"wp","href":"https:\/\/api.w.org\/{rel}","templated":true}]}}