{"id":38908,"date":"2019-06-05T16:18:05","date_gmt":"2019-06-05T20:18:05","guid":{"rendered":"https:\/\/linitiative.ca\/International\/idriss-deby-reconforte-de-voir-ali-bongo-ondimba-en-bonne-sante\/"},"modified":"2019-06-05T16:18:05","modified_gmt":"2019-06-05T20:18:05","slug":"idriss-deby-reconforte-de-voir-ali-bongo-ondimba-en-bonne-sante","status":"publish","type":"post","link":"https:\/\/linitiative.ca\/International\/idriss-deby-reconforte-de-voir-ali-bongo-ondimba-en-bonne-sante\/","title":{"rendered":"Idriss Deby r\u00e9confort\u00e9 de voir Ali Bongo Ondimba en bonne sant\u00e9"},"content":{"rendered":"<div readability=\"32\">\n<p>Publi\u00e9 le 05.06.2019 \u00e0 21h18 par APA News<\/p>\n<\/div>\n<div readability=\"50\">\n<p>Le pr\u00e9sident tchadien, Idriss D\u00e9by Itno s\u2019est dit r\u00e9confort\u00e9 de voir son homologue gabonais, Ali Bongo Ondimba, \u00e0 l\u2019issue de sa visite d\u2019amiti\u00e9 et de travail ce mercredi \u00e0 Libreville.\u00ab Je suis r\u00e9confort\u00e9 de le voir en bonne sant\u00e9 \u00bb, a d\u00e9clar\u00e9 le pr\u00e9sident Deby Itno.<\/p>\n<p>Au cours de leur entretien, les deux dirigeants ont \u00e9voqu\u00e9 les questions d\u2019actualit\u00e9 dans la sous-r\u00e9gion notamment celles li\u00e9es au fonctionnement de la Communaut\u00e9 Economique et Mon\u00e9taire de l\u2019Afrique Centrale (CEMAC) et d\u2019autres sujets d\u2019int\u00e9r\u00eat commun. Les questions s\u00e9curitaires sur le plan continental ont \u00e9t\u00e9 \u00e9galement abord\u00e9es.<\/p>\n<p>Tout en se f\u00e9licitant de l\u2019excellence des relations historiques, \u00e9troites et fraternelles qui unissent nos nations depuis plusieurs d\u00e9cennies, les deux chefs d\u2019Etat ont exprim\u00e9 leur volont\u00e9 de porter \u00e0 un niveau sup\u00e9rieur leurs relations bilat\u00e9rales.<\/p>\n<\/div>\n<p>Auteur: APA News<br \/>\n<a href=\"https:\/\/www.journalducameroun.com\/idriss-deby-reconforte-de-voir-ali-bongo-ondimba-en-bonne-sante\/\">Cliquez ici pour lire l&rsquo;article depuis sa source.<\/a><\/p>\n","protected":false},"excerpt":{"rendered":"<p>Publi\u00e9 le 05.06.2019 \u00e0 21h18 par APA News Le pr\u00e9sident tchadien, Idriss D\u00e9by Itno s\u2019est dit r\u00e9confort\u00e9 de voir son homologue gabonais, Ali Bongo Ondimba, \u00e0 l\u2019issue de sa visite d\u2019amiti\u00e9 et de travail ce mercredi \u00e0 Libreville.\u00ab Je suis r\u00e9confort\u00e9 de le voir en bonne sant\u00e9 \u00bb, a d\u00e9clar\u00e9 le pr\u00e9sident Deby Itno. Au [&hellip;]<\/p>\n","protected":false},"author":1965,"featured_media":0,"comment_status":"closed","ping_status":"closed","sticky":false,"template":"","format":"standard","meta":{"fifu_image_url":"","fifu_image_alt":"","footnotes":""},"categories":[73,82],"tags":[],"class_list":["post-38908","post","type-post","status-publish","format-standard","hentry","category-actualite","category-cameroun"],"_links":{"self":[{"href":"https:\/\/linitiative.ca\/International\/wp-json\/wp\/v2\/posts\/38908","targetHints":{"allow":["GET"]}}],"collection":[{"href":"https:\/\/linitiative.ca\/International\/wp-json\/wp\/v2\/posts"}],"about":[{"href":"https:\/\/linitiative.ca\/International\/wp-json\/wp\/v2\/types\/post"}],"author":[{"embeddable":true,"href":"https:\/\/linitiative.ca\/International\/wp-json\/wp\/v2\/users\/1965"}],"replies":[{"embeddable":true,"href":"https:\/\/linitiative.ca\/International\/wp-json\/wp\/v2\/comments?post=38908"}],"version-history":[{"count":0,"href":"https:\/\/linitiative.ca\/International\/wp-json\/wp\/v2\/posts\/38908\/revisions"}],"wp:attachment":[{"href":"https:\/\/linitiative.ca\/International\/wp-json\/wp\/v2\/media?parent=38908"}],"wp:term":[{"taxonomy":"category","embeddable":true,"href":"https:\/\/linitiative.ca\/International\/wp-json\/wp\/v2\/categories?post=38908"},{"taxonomy":"post_tag","embeddable":true,"href":"https:\/\/linitiative.ca\/International\/wp-json\/wp\/v2\/tags?post=38908"}],"curies":[{"name":"wp","href":"https:\/\/api.w.org\/{rel}","templated":true}]}}