{"id":38909,"date":"2019-06-05T16:50:02","date_gmt":"2019-06-05T20:50:02","guid":{"rendered":"https:\/\/linitiative.ca\/International\/washington-pose-ses-conditions-a-mexico-avant-de-negocier-sur-les-taxes-et-les-migrants\/"},"modified":"2019-06-05T16:50:02","modified_gmt":"2019-06-05T20:50:02","slug":"washington-pose-ses-conditions-a-mexico-avant-de-negocier-sur-les-taxes-et-les-migrants","status":"publish","type":"post","link":"https:\/\/linitiative.ca\/International\/washington-pose-ses-conditions-a-mexico-avant-de-negocier-sur-les-taxes-et-les-migrants\/","title":{"rendered":"Washington pose ses conditions \u00e0 Mexico avant de n\u00e9gocier sur les taxes et les migrants"},"content":{"rendered":"<div readability=\"32\">\n<p>Publi\u00e9 le 05.06.2019 \u00e0 21h50 par AFP<\/p>\n<\/div>\n<div readability=\"152\">\n<p>Washington a pos\u00e9 mercredi ses conditions avant une s\u00e9ance de n\u00e9gociations avec le Mexique, dont la Maison Blanche menace de taxer les importations s\u2019il ne l\u2019aide pas \u00e0 bloquer les migrants, toujours plus nombreux \u00e0 franchir la fronti\u00e8re entre les deux pays.<\/p>\n<p>Plus de 144.000 migrants ont \u00e9t\u00e9 interpell\u00e9s en mai \u00e0 la fronti\u00e8re sud, en hausse de 32% par rapport \u00e0 avril, ont annonc\u00e9 les garde-fronti\u00e8res am\u00e9ricains avant cette rencontre cruciale pour le commerce bilat\u00e9ral.<\/p>\n<p>Plus de 57.000 \u00e9taient des mineurs, dont pr\u00e8s de 12.000 non accompagn\u00e9s, ont-ils pr\u00e9cis\u00e9, en d\u00e9crivant une \u00ab\u00a0situation d\u2019urgence absolue\u00a0\u00bb.<\/p>\n<p>\u00ab\u00a0Il y a une crise \u00e0 la fronti\u00e8re\u00a0\u00bb et \u00ab\u00a0le Mexique doit faire plus\u00a0\u00bb, a tweet\u00e9 le vice-pr\u00e9sident Mike Pence, avant de recevoir \u00e0 la Maison Blanche le chef de la diplomatie mexicaine Marcelo Ebrad.<\/p>\n<p>Le secr\u00e9taire d\u2019Etat am\u00e9ricain Mike Pompeo doit participer \u00e0 la rencontre.<\/p>\n<p>Donald Trump, qui a fait de la lutte contre l\u2019immigration ill\u00e9gale un marqueur de sa pr\u00e9sidence, accuse r\u00e9guli\u00e8rement le Mexique de laisser passer sur son sol ces migrants, originaires essentiellement d\u2019Am\u00e9rique centrale, sans chercher \u00e0 les dissuader ni les arr\u00eater.<\/p>\n<p>Pour pousser Mexico \u00e0 coop\u00e9rer, le milliardaire r\u00e9publicain a r\u00e9guli\u00e8rement brandi la menace de taxer ses importations.<\/p>\n<p>Jeudi, il a cr\u00e9\u00e9 la surprise en se faisant plus concret: il a annonc\u00e9 que les Etats-Unis appliqueraient \u00e0 partir du 10 juin une taxe de 5% \u00e0 tous les biens provenant du Mexique, qui pourrait augmenter progressivement jusqu\u2019\u00e0 25% le 1er octobre.<\/p>\n<p>\u2013 \u00ab\u00a0Faire affaire\u00a0\u00bb \u2013<\/p>\n<p>Soucieux d\u2019\u00e9viter cette sanction qui serait tr\u00e8s dommageable pour son \u00e9conomie, le Mexique a imm\u00e9diatement engag\u00e9 des n\u00e9gociations avec le g\u00e9ant am\u00e9ricain.<\/p>\n<p>\u00ab\u00a0Le Mexique veut un accord\u00a0\u00bb, a estim\u00e9 Donald Trump mercredi depuis l\u2019Irlande.<\/p>\n<p>Si le Mexique n\u2019arr\u00eate pas les migrants et les \u00ab\u00a0drogues\u00a0\u00bb qui arrivent via la fronti\u00e8re sud des Etats-Unis, \u00ab\u00a0on ne pourra pas faire affaire, c\u2019est tr\u00e8s simple\u00a0\u00bb, a-t-il toutefois ajout\u00e9.<\/p>\n<p>Pour s\u2019entendre, le conseiller \u00e9conomique de la Maison Blanche Peter Navarro a pos\u00e9 trois conditions aux n\u00e9gociateurs mexicains.<\/p>\n<p>\u00ab\u00a0Ils peuvent s\u2019engager \u00e0 prendre tous les demandeurs d\u2019asile et \u00e0 leur appliquer les lois mexicaines qui sont bien plus strictes que les n\u00f4tres\u00a0\u00bb, a-t-il d\u00e9clar\u00e9 sur la cha\u00eene CNN.<\/p>\n<p>\u00ab\u00a0Si tous les gens qui arrivent avec des sc\u00e9narios pour demander l\u2019asile (\u2026) comprennent que cela ne va pas les mener aux Etats-Unis mais qu\u2019ils vont rester au Mexique\u00a0\u00bb, cela va tarir les flux migratoires, a-t-il pr\u00e9dit.<\/p>\n<p>Le conseiller a \u00e9galement demand\u00e9 \u00e0 Mexico de renforcer sa fronti\u00e8re sud avec le Guatemala \u00ab\u00a0plus courte\u00a0\u00bb et \u00ab\u00a0plus facile \u00e0 surveiller\u00a0\u00bb que celle avec les Etats-Unis. Enfin, il a exig\u00e9 que le Mexique lutte contre la corruption de ses agents aux poste-fronti\u00e8res.<\/p>\n<p>\u2013 Plus de 100.000 arrestations \u2013<\/p>\n<p>Apr\u00e8s l\u2019entr\u00e9e en fonction de Donald Trump en janvier 2017, les arrestations \u00e0 la fronti\u00e8re \u00e9taient inf\u00e9rieures \u00e0 20.000 par mois. Elles ont connu depuis une hausse constante, d\u00e9passant les 100.000 en mars, avril et mai.<\/p>\n<p>Il s\u2019agissait auparavant principalement d\u2019hommes seuls, souvent originaires du Mexique, venant travailler aux Etats-Unis.<\/p>\n<p>Mais en mai, pr\u00e8s de 90.000 des migrants appr\u00e9hend\u00e9s se trouvaient en famille, 12.000 \u00e9taient des mineurs non accompagn\u00e9s et seuls 43.000 des adultes seuls, selon la police aux fronti\u00e8res am\u00e9ricaine.<\/p>\n<p>La grande majorit\u00e9 des migrants viennent d\u00e9sormais du Honduras, du Salvador et du Guatemala, des pays parmi les plus pauvres et les plus violents du continent, et d\u00e9posent une demande d\u2019asile \u00e0 leur arriv\u00e9e.<\/p>\n<p>Et ils voyagent en groupe \u2014 des groupes dont la taille est de plus en plus grande.<\/p>\n<p>Un groupe de plus de 1.000 personnes a \u00e9t\u00e9 arr\u00eat\u00e9 la semaine derni\u00e8re, le plus grand groupe d\u2019\u00e9trangers ill\u00e9gaux appr\u00e9hend\u00e9 \u00e0 la fronti\u00e8re \u00e0 ce jour, ont rappel\u00e9 les garde-fronti\u00e8res.<\/p>\n<p>Autre \u00ab\u00a0premi\u00e8re\u00a0\u00bb, un groupe de 117 Africains, originaires du Congo, d\u2019Angola ou du Cameroun, a \u00e9t\u00e9 interpell\u00e9 en mai, ont-ils ajout\u00e9.<\/p>\n<\/div>\n<p>Auteur: AFP<br \/>\n<a href=\"https:\/\/www.journalducameroun.com\/washington-pose-ses-conditions-a-mexico-avant-de-negocier-sur-les-taxes-et-les-migrants\/\">Cliquez ici pour lire l&rsquo;article depuis sa source.<\/a><\/p>\n","protected":false},"excerpt":{"rendered":"<p>Publi\u00e9 le 05.06.2019 \u00e0 21h50 par AFP Washington a pos\u00e9 mercredi ses conditions avant une s\u00e9ance de n\u00e9gociations avec le Mexique, dont la Maison Blanche menace de taxer les importations s\u2019il ne l\u2019aide pas \u00e0 bloquer les migrants, toujours plus nombreux \u00e0 franchir la fronti\u00e8re entre les deux pays. Plus de 144.000 migrants ont \u00e9t\u00e9 [&hellip;]<\/p>\n","protected":false},"author":1965,"featured_media":0,"comment_status":"closed","ping_status":"closed","sticky":false,"template":"","format":"standard","meta":{"fifu_image_url":"","fifu_image_alt":"","footnotes":""},"categories":[73,82],"tags":[],"class_list":["post-38909","post","type-post","status-publish","format-standard","hentry","category-actualite","category-cameroun"],"_links":{"self":[{"href":"https:\/\/linitiative.ca\/International\/wp-json\/wp\/v2\/posts\/38909","targetHints":{"allow":["GET"]}}],"collection":[{"href":"https:\/\/linitiative.ca\/International\/wp-json\/wp\/v2\/posts"}],"about":[{"href":"https:\/\/linitiative.ca\/International\/wp-json\/wp\/v2\/types\/post"}],"author":[{"embeddable":true,"href":"https:\/\/linitiative.ca\/International\/wp-json\/wp\/v2\/users\/1965"}],"replies":[{"embeddable":true,"href":"https:\/\/linitiative.ca\/International\/wp-json\/wp\/v2\/comments?post=38909"}],"version-history":[{"count":0,"href":"https:\/\/linitiative.ca\/International\/wp-json\/wp\/v2\/posts\/38909\/revisions"}],"wp:attachment":[{"href":"https:\/\/linitiative.ca\/International\/wp-json\/wp\/v2\/media?parent=38909"}],"wp:term":[{"taxonomy":"category","embeddable":true,"href":"https:\/\/linitiative.ca\/International\/wp-json\/wp\/v2\/categories?post=38909"},{"taxonomy":"post_tag","embeddable":true,"href":"https:\/\/linitiative.ca\/International\/wp-json\/wp\/v2\/tags?post=38909"}],"curies":[{"name":"wp","href":"https:\/\/api.w.org\/{rel}","templated":true}]}}