{"id":38910,"date":"2019-06-05T17:18:04","date_gmt":"2019-06-05T21:18:04","guid":{"rendered":"https:\/\/linitiative.ca\/International\/gestion-du-petrole-le-senegal-a-fait-un-effort-indeniable-de-transparence-ministre\/"},"modified":"2019-06-05T17:18:04","modified_gmt":"2019-06-05T21:18:04","slug":"gestion-du-petrole-le-senegal-a-fait-un-effort-indeniable-de-transparence-ministre","status":"publish","type":"post","link":"https:\/\/linitiative.ca\/International\/gestion-du-petrole-le-senegal-a-fait-un-effort-indeniable-de-transparence-ministre\/","title":{"rendered":"Gestion du p\u00e9trole : le S\u00e9n\u00e9gal a fait un effort ind\u00e9niable de transparence (ministre)"},"content":{"rendered":"<div readability=\"32\">\n<p>Publi\u00e9 le 05.06.2019 \u00e0 22h18 par APA News<\/p>\n<\/div>\n<div readability=\"92\">\n<p>Le gouvernement s\u00e9n\u00e9galais a fait depuis 2012 un effort ind\u00e9niable de transparence dans la gouvernance des ressources p\u00e9troli\u00e8res, a affirm\u00e9, mercredi soir \u00e0 Dakar, la ministre de l\u2019Economie num\u00e9rique et des T\u00e9l\u00e9communications, porte-parole du gouvernement, Nd\u00e8ye Tick\u00e9 Ndiaye Diop, qui animait une conf\u00e9rence de presse apr\u00e8s les r\u00e9v\u00e9lations de scandale p\u00e9trolier de la BBC, impliquant Aliou Sall, fr\u00e8re cadet du pr\u00e9sident de la R\u00e9publique, Macky Sall.Pour la \u00ab\u00a0gouvernance des ressources p\u00e9troli\u00e8res depuis 2012, il y a un effort ind\u00e9niable de transparence et de protection des int\u00e9r\u00eats du S\u00e9n\u00e9gal\u00a0\u00bb, a dit Mme Diop, soulignant ques sur proposition du Pr\u00e9sident Macky Sall, le r\u00e9f\u00e9rendum du 20 mars 2016 a consacr\u00e9 la constitutionnalisation du droit de propri\u00e9t\u00e9 du peuple sur les ressources avec la publication syst\u00e9matique de tous les contrats miniers et p\u00e9troliers depuis septembre 2016.<\/p>\n<p>\u00ab\u00a0D\u00e8s lors, a soutenu Nd\u00e8ye Tick\u00e9 Ndiaye Diop, il est tr\u00e8s surprenant que BBC tente de semer la confusion sur les D\u00e9crets portant approbation des Contrats de Partage et de recherche de production sur les blocs Saint-Louis Offshore Profond et Cayar Offshore Profond\u00a0\u00bb.<\/p>\n<p>Selon elle, bien avant les d\u00e9couvertes p\u00e9troli\u00e8res, il y a l\u2019adh\u00e9sion volontaire du S\u00e9n\u00e9gal \u00e0 l\u2019Initiative pour la Transparence dans les Industries extractives (ITIE) dont le Conseil<\/p>\n<p>d\u2019administration a d\u00e9cern\u00e9 au S\u00e9n\u00e9gal un satisfecit, le reconnaissant comme le premier pays africain ayant fait des \u00ab progr\u00e8s satisfaisants \u00bb dans la mise en \u0153uvre de la Norme ITIE.<\/p>\n<p>Elle a \u00e9galement cit\u00e9 la Cr\u00e9ation du Comit\u00e9 d\u2019Orientation Strat\u00e9gique du P\u00e9trole et du Gaz, organe de pilotage charg\u00e9 d\u2019assister et de conseiller le Pr\u00e9sident de la R\u00e9publique et le Gouvernement dans la d\u00e9finition, le suivi et la mise en \u0153uvre des strat\u00e9gies et politiques publiques en mati\u00e8re p\u00e9troli\u00e8re et gazi\u00e8re.\u00a0<\/p>\n<p>Toutes choses qui lui font dire que la \u00ab\u00a0BBC s\u2019est livr\u00e9e \u00e0 une flagrante d\u00e9formation des faits en illustrant une partie de son reportage par des images qui n\u2019ont rien \u00e0 voir avec le sujet\u00a0\u00bb.<\/p>\n<p>\u00ab\u00a0En effet, selon la porte-parole du gouvernement, la BBC dans une affirmation r\u00e9ductrice, fait \u00e9tat de manifestations des S\u00e9n\u00e9galais contre l\u2019accord avec PETROTIM intervenu en 2012. Or, les images que la BBC montre en guise d\u2019illustration concernent en fait des manifestations d\u2019une frange de l\u2019opposition, sur divers sujets, le 14 octobre 2016. Conform\u00e9ment aux r\u00e8gles d\u2019\u00e9thique et de d\u00e9ontologue professionnelle, par souci d\u2019\u00e9quit\u00e9 et d\u2019\u00e9quilibre dans l\u2019information, la BBC n\u2019aurait pas d\u00fb se limiter\u00a0<\/p>\n<p>dans son reportage \u00e0 une version unilat\u00e9rale, aliment\u00e9e par deux opposants notoires, dont l\u2019agitation sur le p\u00e9trole est connue de tous\u00a0\u00bb.<\/p>\n<\/div>\n<p>Auteur: APA News<br \/>\n<a href=\"https:\/\/www.journalducameroun.com\/gestion-du-petrole-le-senegal-a-fait-un-effort-indeniable-de-transparence-ministre\/\">Cliquez ici pour lire l&rsquo;article depuis sa source.<\/a><\/p>\n","protected":false},"excerpt":{"rendered":"<p>Publi\u00e9 le 05.06.2019 \u00e0 22h18 par APA News Le gouvernement s\u00e9n\u00e9galais a fait depuis 2012 un effort ind\u00e9niable de transparence dans la gouvernance des ressources p\u00e9troli\u00e8res, a affirm\u00e9, mercredi soir \u00e0 Dakar, la ministre de l\u2019Economie num\u00e9rique et des T\u00e9l\u00e9communications, porte-parole du gouvernement, Nd\u00e8ye Tick\u00e9 Ndiaye Diop, qui animait une conf\u00e9rence de presse apr\u00e8s les [&hellip;]<\/p>\n","protected":false},"author":1965,"featured_media":0,"comment_status":"closed","ping_status":"closed","sticky":false,"template":"","format":"standard","meta":{"fifu_image_url":"","fifu_image_alt":"","footnotes":""},"categories":[73,82],"tags":[],"class_list":["post-38910","post","type-post","status-publish","format-standard","hentry","category-actualite","category-cameroun"],"_links":{"self":[{"href":"https:\/\/linitiative.ca\/International\/wp-json\/wp\/v2\/posts\/38910","targetHints":{"allow":["GET"]}}],"collection":[{"href":"https:\/\/linitiative.ca\/International\/wp-json\/wp\/v2\/posts"}],"about":[{"href":"https:\/\/linitiative.ca\/International\/wp-json\/wp\/v2\/types\/post"}],"author":[{"embeddable":true,"href":"https:\/\/linitiative.ca\/International\/wp-json\/wp\/v2\/users\/1965"}],"replies":[{"embeddable":true,"href":"https:\/\/linitiative.ca\/International\/wp-json\/wp\/v2\/comments?post=38910"}],"version-history":[{"count":0,"href":"https:\/\/linitiative.ca\/International\/wp-json\/wp\/v2\/posts\/38910\/revisions"}],"wp:attachment":[{"href":"https:\/\/linitiative.ca\/International\/wp-json\/wp\/v2\/media?parent=38910"}],"wp:term":[{"taxonomy":"category","embeddable":true,"href":"https:\/\/linitiative.ca\/International\/wp-json\/wp\/v2\/categories?post=38910"},{"taxonomy":"post_tag","embeddable":true,"href":"https:\/\/linitiative.ca\/International\/wp-json\/wp\/v2\/tags?post=38910"}],"curies":[{"name":"wp","href":"https:\/\/api.w.org\/{rel}","templated":true}]}}