{"id":38925,"date":"2019-06-06T07:49:31","date_gmt":"2019-06-06T11:49:31","guid":{"rendered":"https:\/\/linitiative.ca\/International\/ligue-1-2-addadi-je-nai-pas-hesite-une-seconde-et-puis-la-ldc-minteresse\/"},"modified":"2019-06-06T07:49:31","modified_gmt":"2019-06-06T11:49:31","slug":"ligue-1-2-addadi-je-nai-pas-hesite-une-seconde-et-puis-la-ldc-minteresse","status":"publish","type":"post","link":"https:\/\/linitiative.ca\/International\/ligue-1-2-addadi-je-nai-pas-hesite-une-seconde-et-puis-la-ldc-minteresse\/","title":{"rendered":"Ligue 1 &#038; 2 : Addadi: \u00abJe n\u2019ai pas h\u00e9sit\u00e9 une seconde et puis la LDC m\u2019int\u00e9resse\u00bb"},"content":{"rendered":"<div readability=\"32\">\n<p>Auteur : <span>Ly\u00e8s Aouiche<\/span> <span class=\"time\">jeudi 06 juin 2019 09:25<\/span><\/p>\n<\/div>\n<div id=\"post_core\" readability=\"62\">\n<p>Le milieu de terrain de l\u2019OM est la premi\u00e8re recrue kabyle cet \u00e9t\u00e9. Il a officialis\u00e9 sa venue samedi tard dans la soir\u00e9e, au si\u00e8ge du club, en pr\u00e9sence de son agent, du pr\u00e9sident Cherif Mellal et des dirigeants. Dans cet entretien, Addadi nous livre ses premi\u00e8res impressions et nous dit ce qui l\u2019a motiv\u00e9 \u00e0 rejoindre la JSK, non sans parler de ses objectifs.<\/p>\n<p><strong>Vous avez sign\u00e9 \u00e0 la JSK, quelles sont vos impressions ?<\/strong><br \/>C\u2019est pour moi un \u00e9v\u00e9nement particulier dans ma carri\u00e8re. Je viens de signer officiellement avec le club le plus titr\u00e9 du pays et cela constitue pour moi une fiert\u00e9. Je t\u00e2cherais d\u2019\u00eatre \u00e0 la hauteur des attentes des dirigeants et d\u2019honorer leur confiance.<br \/><strong>Comment se sont d\u00e9roul\u00e9es les n\u00e9gociations ?<\/strong><br \/>Je ne vous cache pas que tout s\u2019est bien pass\u00e9. D\u00e8s que j\u2019ai \u00e9t\u00e9 contact\u00e9 par la JSK, je n\u2019ai pas h\u00e9sit\u00e9 un instant \u00e0 me d\u00e9placer \u00e0 Tizi pour n\u00e9gocier. Je n\u2019ai pas tard\u00e9 \u00e0 r\u00e9cup\u00e9rer ma lib\u00e9ration. Par la suite, j\u2019ai vite trouv\u00e9 un accord avec le pr\u00e9sident Cherif Mellal qui m\u2019a convaincu de venir cette saison \u00e0 la JSK que je devais rejoindre il y a deux ans.<br \/><strong>Justement, vous avez \u00e9t\u00e9 annonc\u00e9 en 2017 \u00e0 la JSK, qu\u2019est-ce qui avait retard\u00e9 votre venue ?<\/strong><br \/>Exactement, je devais rejoindre la JSK \u00e0 l\u2019\u00e9t\u00e9 2017. J\u2019\u00e9tais m\u00eame en contact tr\u00e8s avanc\u00e9 avec les dirigeants de l\u2019\u00e9poque. Ma venue ne s\u2019\u00e9tait malheureusement pas concr\u00e9tis\u00e9e puisque j\u2019ai ralli\u00e9 par la suite le NAHD, avant de revenir encore une fois \u00e0 l\u2019OM. Dieu merci, aujourd\u2019hui c\u2019est fait, je t\u00e2cherais d\u2019honorer cette confiance.<br \/><strong>Qu\u2019est-ce qui vous a le plus motiv\u00e9 cet \u00e9t\u00e9 pour rejoindre la formation kabyle ?<\/strong><br \/>La JSK n\u2019est plus \u00e0 pr\u00e9senter, c\u2019est le plus titr\u00e9 du pays qui a un grand public. Cette saison, tout le monde a remarqu\u00e9 que les supporters ont beaucoup contribu\u00e9 au retour des r\u00e9sultats positifs. Le club a termin\u00e9 \u00e0 la deuxi\u00e8me place et a d\u00e9croch\u00e9 une qualification \u00e0 la Ligue des champions. Je ne vous cache pas que cette comp\u00e9tition m\u2019a beaucoup motiv\u00e9 et tout joueur ambitieux r\u00eave de disputer la plus prestigieuse Coupe d\u2019Afrique.<br \/><strong>Un message \u00e0 faire passer aux supporters ?<\/strong><br \/>Les supporters de la JSK sont connus pour leur attachement \u00e0 leur club. Pas seulement cette saison, ils sont toujours derri\u00e8re leur club dans les moments difficiles. Je sais qu\u2019ils vont rester toujours mobilis\u00e9s derri\u00e8re le club et de notre c\u00f4t\u00e9, nous t\u00e2cherons de ne pas les d\u00e9cevoir. Personnellement, j\u2019ai h\u00e2te de commencer sous mes nouvelles couleurs, on fera le maximum pour r\u00e9aliser une grande saison et surtout une grande Ligue des champions.<br \/>\u00a0<\/p>\n<p><strong>Publi\u00e9 dans :<\/strong> <span>JSK<\/span> <span>OM<\/span> <span>Nahd<\/span> <span>Addadi<\/span> <span>Cherif Mellal<\/span><\/p>\n<\/div>\n<p>Auteur:<br \/>\n<a href=\"http:\/\/www.lebuteur.com\/article\/detail?titre=addadi-je-nai-pas-hesite-une-seconde-et-puis-la-ldc-minteresse&#038;id=89328&#038;utm_source=feedburner&#038;utm_medium=feed&#038;utm_campaign=Feed%3A+GalerieFArtciles+%28Les+derniers+articles++-+lebuteur.com%29\">Cliquez ici pour lire l&rsquo;article depuis sa source.<\/a><\/p>\n","protected":false},"excerpt":{"rendered":"<p>Auteur : Ly\u00e8s Aouiche jeudi 06 juin 2019 09:25 Le milieu de terrain de l\u2019OM est la premi\u00e8re recrue kabyle cet \u00e9t\u00e9. Il a officialis\u00e9 sa venue samedi tard dans la soir\u00e9e, au si\u00e8ge du club, en pr\u00e9sence de son agent, du pr\u00e9sident Cherif Mellal et des dirigeants. Dans cet entretien, Addadi nous livre ses [&hellip;]<\/p>\n","protected":false},"author":1738,"featured_media":38926,"comment_status":"closed","ping_status":"closed","sticky":false,"template":"","format":"standard","meta":{"fifu_image_url":"","fifu_image_alt":"","footnotes":""},"categories":[53,75],"tags":[],"class_list":["post-38925","post","type-post","status-publish","format-standard","has-post-thumbnail","hentry","category-algerie","category-sport"],"_links":{"self":[{"href":"https:\/\/linitiative.ca\/International\/wp-json\/wp\/v2\/posts\/38925","targetHints":{"allow":["GET"]}}],"collection":[{"href":"https:\/\/linitiative.ca\/International\/wp-json\/wp\/v2\/posts"}],"about":[{"href":"https:\/\/linitiative.ca\/International\/wp-json\/wp\/v2\/types\/post"}],"author":[{"embeddable":true,"href":"https:\/\/linitiative.ca\/International\/wp-json\/wp\/v2\/users\/1738"}],"replies":[{"embeddable":true,"href":"https:\/\/linitiative.ca\/International\/wp-json\/wp\/v2\/comments?post=38925"}],"version-history":[{"count":0,"href":"https:\/\/linitiative.ca\/International\/wp-json\/wp\/v2\/posts\/38925\/revisions"}],"wp:featuredmedia":[{"embeddable":true,"href":"https:\/\/linitiative.ca\/International\/wp-json\/"}],"wp:attachment":[{"href":"https:\/\/linitiative.ca\/International\/wp-json\/wp\/v2\/media?parent=38925"}],"wp:term":[{"taxonomy":"category","embeddable":true,"href":"https:\/\/linitiative.ca\/International\/wp-json\/wp\/v2\/categories?post=38925"},{"taxonomy":"post_tag","embeddable":true,"href":"https:\/\/linitiative.ca\/International\/wp-json\/wp\/v2\/tags?post=38925"}],"curies":[{"name":"wp","href":"https:\/\/api.w.org\/{rel}","templated":true}]}}