{"id":38927,"date":"2019-06-06T07:49:33","date_gmt":"2019-06-06T11:49:33","guid":{"rendered":"https:\/\/linitiative.ca\/International\/ligue-1-2-jsk-oukaci-je-suis-soulage\/"},"modified":"2019-06-06T07:49:33","modified_gmt":"2019-06-06T11:49:33","slug":"ligue-1-2-jsk-oukaci-je-suis-soulage","status":"publish","type":"post","link":"https:\/\/linitiative.ca\/International\/ligue-1-2-jsk-oukaci-je-suis-soulage\/","title":{"rendered":"Ligue 1 &#038; 2 : JSK &#8211; Oukaci: \u00abJe suis soulag\u00e9\u00bb"},"content":{"rendered":"<div readability=\"32\">\n<p>Auteur : <span>Said Djoudi<\/span> <span class=\"time\">jeudi 06 juin 2019 09:25<\/span><\/p>\n<\/div>\n<div id=\"post_core\" readability=\"50\">\n<p>Apr\u00e8s plusieurs rebondissements, le feuilleton Juba Oukaci vient de connaitre son d\u00e9nouement. Le joueur a \u00e9t\u00e9 ind\u00e9cis et ne sait plus o\u00f9 se donner de la t\u00eate depuis l\u2019affaire de Benyoucef. Cherif Mellal a tranch\u00e9 et a d\u00e9cid\u00e9 de donner une ultime chance au jeune Kabyle afin de faire partie du groupe qui d\u00e9fendra les couleurs de la JSK la saison prochaine mais surtout de se racheter apr\u00e8s tout ce qu\u2019il a v\u00e9cu.<br \/>\u00a0<br \/><strong>Finalement, vous \u00eates maintenu au sein de l\u2019effectif. Votre sentiment ?<\/strong><br \/>Je suis \u00e9mu et combl\u00e9 de joie de pouvoir poursuivre l\u2019aventure \u00e0 la JSK. Je ne trouve pas les mots pour d\u00e9crire mon bonheur. Je remercie le pr\u00e9sident et tous ceux qui \u00e9taient derri\u00e8re cette d\u00e9cision de r\u00e9int\u00e9gration. Je r\u00e9it\u00e8re mes excuses \u00e0 tout le monde et je demande pardon aux supporters.<br \/><strong>Vous \u00e9tiez \u00e0 deux doigts d\u2019\u00eatre d\u00e9finitivement exclu\u2026<\/strong><br \/>Exactement. J\u2019ai commis une erreur et je promets de ne plus refaire ce genre de comportement. Je suis soulag\u00e9 et concentr\u00e9 sur la nouvelle saison. J\u2019ai tourn\u00e9 la page et je suis d\u00e9sormais concentr\u00e9 sur mon avenir au sein de la JSK. D\u2019ailleurs, j\u2019ai h\u00e2te de retrouver mes co\u00e9quipiers et de renouer avec les entrainements. J\u2019attends impatiemment la reprise des entrainements.<br \/><strong>Quelle \u00e9valuation faites-vous du parcours de l\u2019\u00e9quipe cette saison ?<\/strong><br \/>Sans d\u00e9tour, l\u2019\u00e9quipe a r\u00e9alis\u00e9 un excellent parcours et son bilan a \u00e9t\u00e9 tr\u00e8s positif de tout point de vue. Je suis tr\u00e8s content du parcours de mes co\u00e9quipiers. Avec un groupe inexp\u00e9riment\u00e9, la JSK est class\u00e9e 2e mais surtout retrouvera la Ligue des champions. D\u2019ailleurs, je suis tr\u00e8s ravi du retour de la JSK en LDC. On va honorer les couleurs du club lors de cette prestigieuse comp\u00e9tition. La JSK reviendra en force sur le plan continental et fera honneur \u00e0 son glorieux pass\u00e9 et son palmar\u00e8s.<br \/><strong>Votre mission sera plus compliqu\u00e9e puisque vous devez rivaliser sur trois fronts, non ?<\/strong><br \/>Effectivement. On est conscients que notre mission sera ardue et compliqu\u00e9e \u00e0 la fois. Il s\u2019agit d\u2019affronter plusieurs formations hupp\u00e9es et exp\u00e9riment\u00e9es. C\u2019est pour cela, que nous devons r\u00e9ussir notre pr\u00e9paration d\u2019intersaison. Le travail commencera d\u00e8s le premier jour de la reprise. En tous les cas, la JSK est mature sur le plan africain et pourra rivaliser avec n\u2019importe quelle \u00e9quipe. Nous sommes excit\u00e9s le fait de penser \u00e0 la LDC.<br \/><strong>Sur le plan national, vous \u00eates appel\u00e9s \u00e0 faire mieux et aller arracher le titre. Qu\u2019en pensez-vous ?<\/strong><br \/>On doit \u00eatre ambitieux et songer au meilleur. Quand vous portez le maillot de la JSK vous devez chercher le parfait et rester comp\u00e9titifs durant toute la saison. La barre est plac\u00e9e haut et nous ne devons pas revoir nos ambitions \u00e0 la baisse. Pour pouvoir atteindre cet objectif, on doit \u00eatre solides sur tous les plans et viser plus haut. En parall\u00e8le, seuls le travail et le s\u00e9rieux nous permettront d\u2019avancer et gagner des titres. En tout cas, on doit faire beaucoup mieux que l\u2019exercice \u00e9coul\u00e9 et continuer \u00e0 honorer les couleurs de la JSK. \u00a0<br \/><strong>Un dernier mot ?<\/strong><br \/>Je r\u00e9it\u00e8re mes remerciements et mes excuses aux Kabyles. Je suis reconnaissant envers la direction et les supporters. Je promets que je serai meilleur \u00e0 l\u2019avenir et je ferai tout mon honorer mon contrat et apporter un plus \u00e0 l\u2019\u00e9quipe. La JSK sera encore plus performante la saison prochaine et aura toujours besoin de ses fid\u00e8les supporters pour continuer son avanc\u00e9e.<br \/>\u00a0<\/p>\n<p><strong>Publi\u00e9 dans :<\/strong> <span>JSK<\/span> <span>Oukaci<\/span> <span>Cherif Mellal<\/span><\/p>\n<\/div>\n<p>Auteur:<br \/>\n<a href=\"http:\/\/www.lebuteur.com\/article\/detail?titre=jsk-oukaci-je-suis-soulage&#038;id=89327&#038;utm_source=feedburner&#038;utm_medium=feed&#038;utm_campaign=Feed%3A+GalerieFArtciles+%28Les+derniers+articles++-+lebuteur.com%29\">Cliquez ici pour lire l&rsquo;article depuis sa source.<\/a><\/p>\n","protected":false},"excerpt":{"rendered":"<p>Auteur : Said Djoudi jeudi 06 juin 2019 09:25 Apr\u00e8s plusieurs rebondissements, le feuilleton Juba Oukaci vient de connaitre son d\u00e9nouement. Le joueur a \u00e9t\u00e9 ind\u00e9cis et ne sait plus o\u00f9 se donner de la t\u00eate depuis l\u2019affaire de Benyoucef. Cherif Mellal a tranch\u00e9 et a d\u00e9cid\u00e9 de donner une ultime chance au jeune Kabyle [&hellip;]<\/p>\n","protected":false},"author":1738,"featured_media":38929,"comment_status":"closed","ping_status":"closed","sticky":false,"template":"","format":"standard","meta":{"fifu_image_url":"","fifu_image_alt":"","footnotes":""},"categories":[53,75],"tags":[],"class_list":["post-38927","post","type-post","status-publish","format-standard","has-post-thumbnail","hentry","category-algerie","category-sport"],"_links":{"self":[{"href":"https:\/\/linitiative.ca\/International\/wp-json\/wp\/v2\/posts\/38927","targetHints":{"allow":["GET"]}}],"collection":[{"href":"https:\/\/linitiative.ca\/International\/wp-json\/wp\/v2\/posts"}],"about":[{"href":"https:\/\/linitiative.ca\/International\/wp-json\/wp\/v2\/types\/post"}],"author":[{"embeddable":true,"href":"https:\/\/linitiative.ca\/International\/wp-json\/wp\/v2\/users\/1738"}],"replies":[{"embeddable":true,"href":"https:\/\/linitiative.ca\/International\/wp-json\/wp\/v2\/comments?post=38927"}],"version-history":[{"count":0,"href":"https:\/\/linitiative.ca\/International\/wp-json\/wp\/v2\/posts\/38927\/revisions"}],"wp:featuredmedia":[{"embeddable":true,"href":"https:\/\/linitiative.ca\/International\/wp-json\/"}],"wp:attachment":[{"href":"https:\/\/linitiative.ca\/International\/wp-json\/wp\/v2\/media?parent=38927"}],"wp:term":[{"taxonomy":"category","embeddable":true,"href":"https:\/\/linitiative.ca\/International\/wp-json\/wp\/v2\/categories?post=38927"},{"taxonomy":"post_tag","embeddable":true,"href":"https:\/\/linitiative.ca\/International\/wp-json\/wp\/v2\/tags?post=38927"}],"curies":[{"name":"wp","href":"https:\/\/api.w.org\/{rel}","templated":true}]}}